{"id":10299,"date":"2022-11-29T12:21:46","date_gmt":"2022-11-29T11:21:46","guid":{"rendered":"https:\/\/nandi.info\/?p=10299"},"modified":"2022-11-29T12:21:46","modified_gmt":"2022-11-29T11:21:46","slug":"coupe-du-monde-equipe-africaine","status":"publish","type":"post","link":"https:\/\/nandi.info\/?p=10299","title":{"rendered":"Coupe du monde \u00e9quipe africaine"},"content":{"rendered":"\n<p>Il se nomme Boubacar Diakit\u00e9 alias Sarr. Il est le seul journaliste malien pr\u00e9sent \u00e0 la Coupe du monde Qatar 2022. C\u2019est depuis Doha qu\u2019il nous fait revivre les moments agr\u00e9ables de cette comp\u00e9tition mondiale.<\/p>\n\n\n\n<p>Il est \u00e0 noter qu\u2019outre la couverture de plus d\u2019une dizaine d\u2019\u00e9dition de la CAN, Sarr a plus de six \u00e9ditions de coupe du monde \u00e0 son actif. A celles-ci, il faut ajouter la couverture m\u00e9diatique des grands foras de la Fifa et de la CAF.<\/p>\n\n\n\n<p><strong>M.K.<\/strong><\/p>\n\n\n\n<p><strong>&nbsp;<\/strong><strong><u>Equipe africaine<\/u><\/strong><\/p>\n\n\n\n<p><strong>&nbsp;<\/strong><strong>APRES LA PREMIERE JOURNEE DU MONDIAL QATAR 2022<\/strong><\/p>\n\n\n\n<p><strong>Quelles \u00e9quipes africaines pour les huiti\u00e8mes de finale&nbsp;?<\/strong><\/p>\n\n\n\n<p><strong>&nbsp;<\/strong><strong><em>Apr\u00e8s une premi\u00e8re journ\u00e9e peu reluisante, les \u00e9quipes du continent noir ont tout de m\u00eame de r\u00e9elles chances pour se hisser \u00e0 la 8<sup>\u00e8me<\/sup>&nbsp;de finale de la Coupe du monde Qatar 2022.<\/em><\/strong><\/p>\n\n\n\n<p><strong><em>&nbsp;<\/em><\/strong>Avec cinq \u00e9quipes \u00ab&nbsp;en forme&nbsp;\u00bb avant le d\u00e9but de la coupe du monde, le continent africain pouvait esp\u00e9rer entamer la comp\u00e9tition de la meilleure des mani\u00e8res. Mais, apr\u00e8s le premier tour, les cinq \u00e9quipes ne totalisent que deux buts inscrits et aucune victoire. Les deux buts sont du Ghana.<\/p>\n\n\n\n<p>Il faut dire que c\u2019est un d\u00e9part beaucoup moins explosif que pr\u00e9vu pour les s\u00e9lections du continent africain. Avec cinq repr\u00e9sentants (S\u00e9n\u00e9gal, Tunisie, Maroc, Cameroun et Ghana), l\u2019Afrique pouvait r\u00eaver grand et envisager un parcours historique. Mais avec trois d\u00e9faites et deux matchs nuls \u00e0 l\u2019issue de la premi\u00e8re journ\u00e9e, l\u2019horizon semble s\u2019assombrir pour ces formations constitu\u00e9es d\u2019\u00e9normes talents \u00e9voluant dans les plus grands clubs d\u2019Europe.<\/p>\n\n\n\n<p>Respectivement oppos\u00e9s au Danemark et \u00e0 la Croatie, la Tunisie et le Maroc avaient l\u2019occasion de surprendre dans une Coupe du monde aux r\u00e9sultats parfois d\u00e9concertants jusqu\u2019\u00e0 pr\u00e9sent. Mais bien qu\u2019ayant obtenu un score identique (0-0), les deux nations du Maghreb ont connu des fortunes diverses : face \u00e0 la formation nordique,&nbsp;la Tunisie a propos\u00e9 un beau match, luttant \u00e0 armes \u00e9gales. De leur c\u00f4t\u00e9, les Marocains n\u2019ont pu se procurer la moindre occasion franche face \u00e0 une \u00e9quipe de Croatie peu dangereuse.<\/p>\n\n\n\n<p>Ce \u00e0 quoi, il faut ajouter l\u2019absence de buts pour ces formations, dans des groupes o\u00f9 la qualification se jouera \u00e0 des d\u00e9tails. Face, respectivement, \u00e0 l\u2019Australie et \u00e0 la Belgique, les Tunisiens et les Marocains auront leur destin en main avant un troisi\u00e8me match d\u00e9cisif dans cette phase de groupe.<\/p>\n\n\n\n<p><strong>&nbsp;<\/strong><strong>Trois d\u00e9faites am\u00e8res pour le Ghana, le S\u00e9n\u00e9gal et le Cameroun<\/strong><\/p>\n\n\n\n<p>Attendus au tournant d\u00e8s le d\u00e9but de cette Coupe du monde, les S\u00e9n\u00e9galais, sacr\u00e9s champions d\u2019Afrique en d\u00e9but d\u2019ann\u00e9e, figuraient parmi les outsiders de ce Mondial au Qatar ce apr\u00e8s la blessure de Sadio Man\u00e9. Les Lions de la Teranga ont manqu\u00e9 d\u2019efficacit\u00e9 offensive face \u00e0 une \u00e9quipe des Pays-Bas bien plus rod\u00e9e et exp\u00e9riment\u00e9e. Punis dans les derni\u00e8res minutes de la partie par les&nbsp;<em>Oranje<\/em>, les hommes d\u2019Aliou Ciss\u00e9 ont r\u00e9agi en se rela\u00e7ant face \u00e0 l\u2019h\u00f4te qatari avec en ligne de mire une qualification pour les huiti\u00e8mes de finale et le r\u00eave d\u2019une place en quarts de finale, comme en 2002. Cela est possible.<\/p>\n\n\n\n<p>Plac\u00e9 dans le groupe G, le Cameroun s\u2019est retrouv\u00e9 dans un des groupes les plus relev\u00e9s de la comp\u00e9tition. Tout comme le S\u00e9n\u00e9gal, la formation africaine a su lutter \u00e0 armes \u00e9gales, voire dominer son adversaire par moments. Apr\u00e8s une premi\u00e8re p\u00e9riode maitris\u00e9e, les Lions indomptables ont fini par craquer d\u00e8s le retour des vestiaires, punis par Breel Embolo, international suisse natif du Cameroun. Une d\u00e9faite et aucun but pour le Cameroun, qui affrontera au prochain match la Serbie. Il faut dire que l\u2019\u00e9quipe entra\u00een\u00e9e par Rigobert Song, doit imp\u00e9rativement accrocher une victoire pour continuer de r\u00eaver d\u2019une place&nbsp;en 8\u00e8 de finale de l\u2019\u00e9preuve. Tout va d\u00e9pendre de&nbsp; sa troisi\u00e8me sortie.<\/p>\n\n\n\n<p>Dernier pays du continent africain \u00e0 entrer en lice dans la comp\u00e9tition, le Ghana des fr\u00e8res Ayew a fait face&nbsp;au Portugal de Christiano. Apr\u00e8s une premi\u00e8re p\u00e9riode compl\u00e8tement domin\u00e9e par la&nbsp;<em>Sele\u00e7\u00e3o<\/em>, les&nbsp;<em>Blackstars&nbsp;<\/em>ont c\u00e9d\u00e9 une premi\u00e8re fois avant de r\u00e9pondre par l\u2019interm\u00e9diaire d\u2019Andr\u00e9 Ayew, premier buteur africain de la comp\u00e9tition. Malgr\u00e9 une fin de partie endiabl\u00e9e, les Ghan\u00e9ens se sont inclin\u00e9s avec les honneurs face \u00e0 un Portugal vainqueur au forceps.<\/p>\n\n\n\n<p>Une d\u00e9faite s\u00e9v\u00e8re, mais pas synonyme d\u2019espoir perdu : le match nul entre l\u2019Uruguay et la Cor\u00e9e du Sud laisse de bonnes chances au Ghana, avec notamment une revanche de 2010 face \u00e0 l\u2019Uruguay lors de la derni\u00e8re journ\u00e9e de la phase de poules.<\/p>\n\n\n\n<p>Correspondance particuli\u00e8re de<\/p>\n\n\n\n<p><strong>Boubacar Diakit\u00e9 Sarr&nbsp;<\/strong><strong>D\u00e9puis Doha<\/strong><\/p>\n\n\n\n<p><strong>&nbsp;<\/strong><strong><u>Encadr\u00e9 1<\/u><\/strong><\/p>\n\n\n\n<p><strong>&nbsp;<\/strong><strong>COUPE DU MONDE:<\/strong><\/p>\n\n\n\n<p><strong>Le pays h\u00f4te, \u00e9limin\u00e9<\/strong><\/p>\n\n\n\n<p><strong>&nbsp;<\/strong>Battu lors des deux premi\u00e8res rencontres contre l\u2019\u00c9quateur puis face au S\u00e9n\u00e9gal, le Qatar n\u2019a plus son destin en main. Si le pays h\u00f4te devait esp\u00e9rer une victoire des Pays-Bas ou de la bande \u00e0 Gustavo Alfaro pour esp\u00e9rer conserver une chance dans ce Mondial, le sort en a finalement d\u00e9cid\u00e9 autrement.<\/p>\n\n\n\n<p>L\u2019entraineur et l\u2019\u00e9quipe ont pr\u00e9sent\u00e9 leurs excuses au peuple Qatari. Le Qatar est le 2\u00e8 pays organisateur du mondial, \u00e0 ne pas atteindre le second tour, apr\u00e8s l\u2019Afrique du Sud. En 1938, la France, apr\u00e8s une victoire contre la Belgique acc\u00e8de en 8\u00e8 de finale. Elle y est \u00e9limin\u00e9e par l\u2019Italie futur champion du monde.<\/p>\n\n\n\n<p><strong>BDS<\/strong><\/p>\n\n\n\n<p><strong><u>ENCADRE 2<\/u><\/strong><\/p>\n\n\n\n<p><strong>&nbsp;<\/strong><strong>COUPE DU MONDE QATAR 2022<\/strong><\/p>\n\n\n\n<p><strong>La France qualifi\u00e9e pour les huiti\u00e8mes de finale<\/strong><\/p>\n\n\n\n<p><strong>&nbsp;<\/strong>Samedi 26 novembre 2022, l\u2019\u00e9quipe de France en battant le Danemark 2-1 (les deux buts sont l\u2019\u0153uvre de Kylan) et avec 6 points, se qualifie pour les 8eme de finale de la coupe du monde. Les co\u00e9quipiers de Kylian MBapp\u00e9 totalisent 6 points avec deux sorties. Lors de leur premi\u00e8re sortie, les Blues ont neutralis\u00e9s l\u2019Australie sur un score de 4-1. La France est la premi\u00e8re \u00e9quipe \u00e0 se qualifier avant m\u00eame leur troisi\u00e8me match.<\/p>\n\n\n\n<p><strong><u>Christiano<\/u><\/strong><\/p>\n\n\n\n<p><strong>PORTUGAL-GHANA<\/strong><\/p>\n\n\n\n<p><strong>L\u2019\u00e9trange image de Ronaldo qui met sa main dans son short\u2026<\/strong><\/p>\n\n\n\n<p><strong><em>Cristiano Ronaldo a fait l\u2019objet d\u2019une vid\u00e9o virale lors de la victoire du Portugal contre la Ghana (3-2), ce jeudi au Mondial 2022.<\/em><\/strong><\/p>\n\n\n\n<p>L\u2019attaquant portugais a \u00e9t\u00e9 vu en train de sortir un \u00ab&nbsp;produit&nbsp;\u00bb depuis son short avant de le mettre dans sa bouche et le m\u00e2cher.<\/p>\n\n\n\n<p>Premier joueur \u00e0 marquer lors de ses cinq participations \u00e0 la Coupe du monde, Christiano Ronaldo&nbsp; a lanc\u00e9 le Portugal vers un succ\u00e8s capital le jeudi&nbsp; face au Ghana (3-2).<\/p>\n\n\n\n<p>Buteur sur penalty, le quintuple Ballon d\u2019or est ensuite devenu \u201cviral\u201d bien involontairement lorsqu\u2019une cam\u00e9ra l\u2019a surpris en train de sortir un \u00ab&nbsp;produit&nbsp;\u00bb inconnu de son short et de le m\u00e2cher \u00e0 quelques minutes de la mi-temps.<\/p>\n\n\n\n<p>Sans surprise, cette vid\u00e9o a beaucoup fait r\u00e9agir sur les r\u00e9seaux sociaux entre plaisanteries (parfois d\u2019un go\u00fbt douteux), accusations de dopage lanc\u00e9es sans r\u00e9elle conviction.<\/p>\n\n\n\n<p><strong>A Diakit\u00e9<\/strong><\/p>\n\n\n\n<p><strong>(depuis Doha, Qatar)<\/strong><\/p>\n","protected":false},"excerpt":{"rendered":"<p>Il se nomme Boubacar Diakit\u00e9 alias Sarr. Il est le seul journaliste malien pr\u00e9sent \u00e0 la Coupe du monde Qatar 2022. C\u2019est depuis Doha qu\u2019il nous fait revivre les moments&hellip;<\/p>\n","protected":false},"author":1,"featured_media":10300,"comment_status":"open","ping_status":"closed","sticky":false,"template":"","format":"standard","meta":{"content-type":"","_lmt_disableupdate":"","_lmt_disable":"","_jetpack_memberships_contains_paid_content":false,"footnotes":"","jetpack_publicize_message":"","jetpack_publicize_feature_enabled":true,"jetpack_social_post_already_shared":true,"jetpack_social_options":{"image_generator_settings":{"template":"highway","default_image_id":0,"font":"","enabled":false},"version":2}},"categories":[61,6],"tags":[],"class_list":["post-10299","post","type-post","status-publish","format-standard","has-post-thumbnail","hentry","category-arc-en-ciel","category-sports"],"jetpack_publicize_connections":[],"featured_image_urls":{"full":"","thumbnail":"","medium":"","medium_large":"","large":"","1536x1536":"","2048x2048":"","penci-recipe-1200x1200":"","penci-recipe-1200x900":"","penci-recipe-1200x675":"","penci-single-full":"","penci-slider-full-thumb":"","penci-full-thumb":"","penci-slider-thumb":"","penci-magazine-slider":"","penci-thumb":"","penci-masonry-thumb":"","penci-thumb-square":"","penci-thumb-vertical":"","penci-thumb-small":""},"author_info":{"display_name":"Nandi","author_link":"https:\/\/nandi.info\/?author=1"},"category_info":"<a href=\"https:\/\/nandi.info\/?cat=61\" rel=\"category\">Arc en Ciel<\/a> <a href=\"https:\/\/nandi.info\/?cat=6\" rel=\"category\">Sports<\/a>","tag_info":"Sports","comment_count":"0","jetpack_featured_media_url":"","jetpack_sharing_enabled":true,"_links":{"self":[{"href":"https:\/\/nandi.info\/index.php?rest_route=\/wp\/v2\/posts\/10299","targetHints":{"allow":["GET"]}}],"collection":[{"href":"https:\/\/nandi.info\/index.php?rest_route=\/wp\/v2\/posts"}],"about":[{"href":"https:\/\/nandi.info\/index.php?rest_route=\/wp\/v2\/types\/post"}],"author":[{"embeddable":true,"href":"https:\/\/nandi.info\/index.php?rest_route=\/wp\/v2\/users\/1"}],"replies":[{"embeddable":true,"href":"https:\/\/nandi.info\/index.php?rest_route=%2Fwp%2Fv2%2Fcomments&post=10299"}],"version-history":[{"count":0,"href":"https:\/\/nandi.info\/index.php?rest_route=\/wp\/v2\/posts\/10299\/revisions"}],"wp:featuredmedia":[{"embeddable":true,"href":"https:\/\/nandi.info\/index.php?rest_route=\/"}],"wp:attachment":[{"href":"https:\/\/nandi.info\/index.php?rest_route=%2Fwp%2Fv2%2Fmedia&parent=10299"}],"wp:term":[{"taxonomy":"category","embeddable":true,"href":"https:\/\/nandi.info\/index.php?rest_route=%2Fwp%2Fv2%2Fcategories&post=10299"},{"taxonomy":"post_tag","embeddable":true,"href":"https:\/\/nandi.info\/index.php?rest_route=%2Fwp%2Fv2%2Ftags&post=10299"}],"curies":[{"name":"wp","href":"https:\/\/api.w.org\/{rel}","templated":true}]}}