{"id":10296,"date":"2022-11-29T12:09:14","date_gmt":"2022-11-29T11:09:14","guid":{"rendered":"https:\/\/nandi.info\/?p=10296"},"modified":"2022-11-29T12:09:14","modified_gmt":"2022-11-29T11:09:14","slug":"suspendre-de-lexamen-des-procedures-a-lencontre-du-mali-la-guinee-et-le-burkina-la-cour-de-justice-de-la-cedeao-revient-sur-sa-decision","status":"publish","type":"post","link":"https:\/\/nandi.info\/?p=10296","title":{"rendered":"Suspendre de l\u2019examen des proc\u00e9dures \u00e0 l\u2019encontre du Mali, la Guin\u00e9e et le Burkina : La Cour de justice de la Cedeao revient sur sa d\u00e9cision"},"content":{"rendered":"\n<p><strong><em>Les Honorables Juges de la Cour de Justice de la Communaut\u00e9, CEDEAO, ont unanimement d\u00e9cid\u00e9 de revenir sur leur pr\u00e9c\u00e9dente d\u00e9cision suspendant l\u2019examen des requ\u00eates d\u00e9pos\u00e9es contre le Mali, le Burkina Faso et la Guin\u00e9e.<\/em><\/strong>&nbsp;<strong><em>Toutes requ\u00eates venant de ces Etats ou de leurs ressortissants seront re\u00e7ues conform\u00e9ment aux textes y relatifs.<\/em><\/strong><\/p>\n\n\n\n<p class=\"has-drop-cap\">Cette d\u00e9cision permettra \u00e0 la Cour d\u2019examiner les affaires les concernant redonnant ainsi la possibilit\u00e9 aux citoyens de ces trois Etats membres d\u2019introduire des requ\u00eates aupr\u00e8s de la Cour pour violation de leurs droits. La d\u00e9cision a \u00e9t\u00e9 prise le jeudi 24 novembre 2022 lors de l\u2019atelier sur l\u2019orientation des nouveaux juges et membres du personnel nouvellement recrut\u00e9s.<\/p>\n\n\n\n<p>Le Pr\u00e9sident de la Cour, l\u2019Honorable Juge Edward Amoako Asante a soumis la question \u00e0 l\u2019examen de tous les participants \u00e0 l\u2019atelier en expliquant que la suspension par la Conf\u00e9rence des chefs d\u2019Etat et de Gouvernement de ces Etats membres rel\u00e8ve des sanctions politiques et ne constitue pas une exclusion desdits Etats membres de la Communaut\u00e9.<\/p>\n\n\n\n<p>La d\u00e9cision du 30 septembre 2021 a \u00e9t\u00e9 prise conform\u00e9ment \u00e0 l\u2019article 78 du R\u00e8glement de la Cour qui dispose : \u00ab La proc\u00e9dure peut \u00eatre suspendue dans tous les cas, par d\u00e9cision du Pr\u00e9sident sauf pour les renvois pr\u00e9judiciels\u2026\u2026\u2026 \u00bb. Mais \u00e0 la suite des d\u00e9bats et tenant compte de la port\u00e9e de la d\u00e9cision de suspension prise par la Conf\u00e9rence des chefs d\u2019Etat et de gouvernement, les Honorables Juges ont retenu en toute ind\u00e9pendance de rapporter leur d\u00e9cision du 30 septembre 2021. Par cons\u00e9quent, le Mali, la Guin\u00e9e et le Burkina Faso reviennent \u00e0 nouveau dans le champ de comp\u00e9tence de la Cour de Justice de la CEDEAO et toutes requ\u00eates venant de ces Etats ou de leurs ressortissants seront re\u00e7ues conform\u00e9ment aux textes y relatifs.<\/p>\n\n\n\n<p><a href=\"https:\/\/nandi.info\/category\/presse-journalisme\/arc-en-ciel\/\">Arc en Ciel<\/a><\/p>\n","protected":false},"excerpt":{"rendered":"<p>Les Honorables Juges de la Cour de Justice de la Communaut\u00e9, CEDEAO, ont unanimement d\u00e9cid\u00e9 de revenir sur leur pr\u00e9c\u00e9dente d\u00e9cision suspendant l\u2019examen des requ\u00eates d\u00e9pos\u00e9es contre le Mali, le&hellip;<\/p>\n","protected":false},"author":1,"featured_media":0,"comment_status":"open","ping_status":"closed","sticky":false,"template":"","format":"standard","meta":{"content-type":"","_lmt_disableupdate":"","_lmt_disable":"","_jetpack_memberships_contains_paid_content":false,"footnotes":"","jetpack_publicize_message":"","jetpack_publicize_feature_enabled":true,"jetpack_social_post_already_shared":true,"jetpack_social_options":{"image_generator_settings":{"template":"highway","default_image_id":0,"font":"","enabled":false},"version":2}},"categories":[61,46],"tags":[],"class_list":["post-10296","post","type-post","status-publish","format-standard","hentry","category-arc-en-ciel","category-cedeao"],"jetpack_publicize_connections":[],"featured_image_urls":{"full":"","thumbnail":"","medium":"","medium_large":"","large":"","1536x1536":"","2048x2048":"","penci-recipe-1200x1200":"","penci-recipe-1200x900":"","penci-recipe-1200x675":"","penci-single-full":"","penci-slider-full-thumb":"","penci-full-thumb":"","penci-slider-thumb":"","penci-magazine-slider":"","penci-thumb":"","penci-masonry-thumb":"","penci-thumb-square":"","penci-thumb-vertical":"","penci-thumb-small":""},"author_info":{"display_name":"Nandi","author_link":"https:\/\/nandi.info\/?author=1"},"category_info":"<a href=\"https:\/\/nandi.info\/?cat=61\" rel=\"category\">Arc en Ciel<\/a> <a href=\"https:\/\/nandi.info\/?cat=46\" rel=\"category\">CEDEAO<\/a>","tag_info":"CEDEAO","comment_count":"0","jetpack_featured_media_url":"","jetpack_sharing_enabled":true,"_links":{"self":[{"href":"https:\/\/nandi.info\/index.php?rest_route=\/wp\/v2\/posts\/10296","targetHints":{"allow":["GET"]}}],"collection":[{"href":"https:\/\/nandi.info\/index.php?rest_route=\/wp\/v2\/posts"}],"about":[{"href":"https:\/\/nandi.info\/index.php?rest_route=\/wp\/v2\/types\/post"}],"author":[{"embeddable":true,"href":"https:\/\/nandi.info\/index.php?rest_route=\/wp\/v2\/users\/1"}],"replies":[{"embeddable":true,"href":"https:\/\/nandi.info\/index.php?rest_route=%2Fwp%2Fv2%2Fcomments&post=10296"}],"version-history":[{"count":0,"href":"https:\/\/nandi.info\/index.php?rest_route=\/wp\/v2\/posts\/10296\/revisions"}],"wp:attachment":[{"href":"https:\/\/nandi.info\/index.php?rest_route=%2Fwp%2Fv2%2Fmedia&parent=10296"}],"wp:term":[{"taxonomy":"category","embeddable":true,"href":"https:\/\/nandi.info\/index.php?rest_route=%2Fwp%2Fv2%2Fcategories&post=10296"},{"taxonomy":"post_tag","embeddable":true,"href":"https:\/\/nandi.info\/index.php?rest_route=%2Fwp%2Fv2%2Ftags&post=10296"}],"curies":[{"name":"wp","href":"https:\/\/api.w.org\/{rel}","templated":true}]}}