{"id":10282,"date":"2022-11-29T11:14:30","date_gmt":"2022-11-29T10:14:30","guid":{"rendered":"https:\/\/nandi.info\/?p=10282"},"modified":"2022-11-29T11:14:30","modified_gmt":"2022-11-29T10:14:30","slug":"enseignement-superieur-rentree-2019-2022-trois-annees-de-retard-academique-a-la-fseg-les-mauvais-points-du-ministre-de-lenseignement-superieur","status":"publish","type":"post","link":"https:\/\/nandi.info\/?p=10282","title":{"rendered":"Enseignement sup\u00e9rieur : Rentr\u00e9e 2019-2022, trois ann\u00e9es de retard acad\u00e9mique \u00e0 la FSEG : Les mauvais points du ministre de l\u2019Enseignement sup\u00e9rieur"},"content":{"rendered":"\n<p><strong><em>L\u2019avis de pr\u00e9inscription des responsables de la FSEG au titre de l\u2019ann\u00e9e 2019-2020 n\u2019honore point le ministre de l\u2019Enseignements sup\u00e9rieur et de la Recherche scientifique. Les enseignants, encore moins les parents d\u2019\u00e9l\u00e8ves, estiment que le ministre Amadou Keita doit r\u00e9parer le mal qu\u2019il est en train de causer aux&nbsp; \u00e9tudiants de cette facult\u00e9.<\/em><\/strong><\/p>\n\n\n\n<p class=\"has-drop-cap\">Dans un pass\u00e9 r\u00e9cent, l\u2019Association des \u00e9l\u00e8ves et \u00e9tudiants du Mali (AEEM) et les enseignants du sup\u00e9rieur d\u00e9non\u00e7aient un retard acad\u00e9mique dans certaines facult\u00e9s. Cette situation, avaient-ils alert\u00e9s risquerait de compromettre, selon eux, l\u2019avenir des \u00e9tudiants.\u00a0 H\u00e9 bien\u00a0! C\u2019est bien ce qui est en train de se passer \u00e0 la FSEG.<\/p>\n\n\n\n<p>Cette facult\u00e9 qui a pourtant form\u00e9 des grands cadres de ce pays, est presque devenue que l\u2019ombre d\u2019elle-m\u00eame. En effet, ceux qui y \u00e9tudient veulent la quitter et les nouveaux bacheliers ne veulent pas entendre parler d\u2019elle. M\u00eame les professeurs qui dispensent les cours ne conseillent aux nouveaux bacheliers \u00e0 s\u2019inscrire dans cette facult\u00e9 tellement les gr\u00e8ves son r\u00e9currentes et sont sans solutions.<\/p>\n\n\n\n<p>Pourquoi une telle mauvaise image attribu\u00e9e \u00e0 la FSEG&nbsp;? Selon nos informations, cette situation est la cons\u00e9quence de plusieurs ann\u00e9es \u00ab&nbsp;coup\u00e9es-d\u00e9cal\u00e9es&nbsp;\u00bb de cette facult\u00e9. Pour les responsables de l\u2019AEEM que nous avons approch\u00e9s, \u00ab&nbsp;Depuis 2017, la FSEG qui \u00e9tait l\u2019une des facult\u00e9s pilotes, n\u2019arrive plus \u00e0 respecter les normes acad\u00e9miques. Nous sommes \u00e0 notre troisi\u00e8me ann\u00e9e de retard acad\u00e9mique dans cette facult\u00e9. A preuve, l\u2019avis du secr\u00e9taire principal, en date du 18 novembre 2022. Dr Boubacar Sy y appele les \u00e9tudiants&nbsp;<em>\u00ab&nbsp;\u2026de L2_2018-2019 que les pr\u00e9inscriptions au titre&nbsp; de l\u2019ann\u00e9e&nbsp; universitaire 2019-2020 vont commencer le lundi 21 novembre 2022\u2026&nbsp;\u00bb.&nbsp;<\/em>Cela sous entend que les \u00e9tudiants sus-d\u00e9sign\u00e9s sont \u00e0 trois ann\u00e9es de retard par rapport \u00e0 leurs camarades des autres facult\u00e9s avec qui ils ont commenc\u00e9s ensemble l\u2019universit\u00e9.<\/p>\n\n\n\n<p>Ce retard de trois ans est essentiellement d\u00fb aux gr\u00e8ves \u00e0 r\u00e9p\u00e9tition des syndicats d\u2019enseignants et aux syst\u00e8mes LMD auquel cette facult\u00e9 n\u2019arrive pas \u00e0 s\u2019accommoder.<\/p>\n\n\n\n<p>En plus des \u00e9tudiants, un enseignant syndicaliste de la facult\u00e9 pointe un doigt accusateur sur le ministre de l\u2019Enseignement sup\u00e9rieur, qu\u2019il qualifie d\u2019incomp\u00e9tent.&nbsp;<em>\u00ab&nbsp;Nous ne pouvons pas comprendre que le ministre soit insensible aux pr\u00e9occupations des enseignants qui ne lui demandent pas de la mer \u00e0 boire. Il faut dire que la situation chaotique \u00e0 la FSEG n\u2019est plus ni moins que la mauvaise volont\u00e9 du ministre&nbsp;\u00bb<\/em>. Et d\u2019ajouter que s\u2019il y a un coupable dans ce retard inimaginable \u00e0 la FSEG, c\u2019est bien le ministre de l\u2019Enseignement sup\u00e9rieur. \u00ab&nbsp;Il n\u2019a aucun plan et n\u2019a murit aucune strat\u00e9gie pour sortir la facult\u00e9 de se probl\u00e8me qui salit l\u2019image de l\u2019enseignement au sup\u00e9rieur.&nbsp;<em>\u00ab&nbsp;Quels types de dipl\u00f4mes vont pr\u00e9senter les \u00e9tudiants \u00e0 leur sortie&nbsp;?&nbsp;\u00bb,<\/em>&nbsp;s\u2019interroge-t-il&nbsp;?<\/p>\n\n\n\n<p>Pour un parent d\u2019\u00e9l\u00e8ve, la situation \u00e0 la FSEG doit \u00eatre s\u00e9rieusement analys\u00e9e et une solution doit \u00eatre trouv\u00e9e&nbsp;<em>\u00ab&nbsp;Il est inadmissible qu\u2019une facult\u00e9 soit \u00e0 trois ans de retard par rapport aux autres facult\u00e9s&nbsp;\u00bb.<\/em><\/p>\n\n\n\n<p>Le parent d\u2019\u00e9l\u00e8ve estime qu\u2019au-del\u00e0 du d\u00e9canat, c\u2019est le ministre en personne qui est fortement interpell\u00e9 afin que la faute soit r\u00e9par\u00e9e.<\/p>\n\n\n\n<p>Il faut rappeler que la FSEG \u00e9tait dans un pass\u00e9 r\u00e9cent, la Facult\u00e9 pilote, car, de fa\u00e7on r\u00e9guli\u00e8re, elle commen\u00e7ait son ann\u00e9e acad\u00e9mique avant tout le monde et la bouclait en organisant ses sessions comme pr\u00e9vues par la r\u00e9glementation. Mais h\u00e9las&nbsp;!<\/p>\n\n\n\n<p><strong>Christelle Camara<\/strong><\/p>\n","protected":false},"excerpt":{"rendered":"<p>L\u2019avis de pr\u00e9inscription des responsables de la FSEG au titre de l\u2019ann\u00e9e 2019-2020 n\u2019honore point le ministre de l\u2019Enseignements sup\u00e9rieur et de la Recherche scientifique. Les enseignants, encore moins les&hellip;<\/p>\n","protected":false},"author":1,"featured_media":10285,"comment_status":"open","ping_status":"closed","sticky":false,"template":"","format":"standard","meta":{"content-type":"","_lmt_disableupdate":"","_lmt_disable":"","_jetpack_memberships_contains_paid_content":false,"footnotes":"","jetpack_publicize_message":"","jetpack_publicize_feature_enabled":true,"jetpack_social_post_already_shared":true,"jetpack_social_options":{"image_generator_settings":{"template":"highway","default_image_id":0,"font":"","enabled":false},"version":2}},"categories":[61,38],"tags":[],"class_list":["post-10282","post","type-post","status-publish","format-standard","has-post-thumbnail","hentry","category-arc-en-ciel","category-education"],"jetpack_publicize_connections":[],"featured_image_urls":{"full":"","thumbnail":"","medium":"","medium_large":"","large":"","1536x1536":"","2048x2048":"","penci-recipe-1200x1200":"","penci-recipe-1200x900":"","penci-recipe-1200x675":"","penci-single-full":"","penci-slider-full-thumb":"","penci-full-thumb":"","penci-slider-thumb":"","penci-magazine-slider":"","penci-thumb":"","penci-masonry-thumb":"","penci-thumb-square":"","penci-thumb-vertical":"","penci-thumb-small":""},"author_info":{"display_name":"Nandi","author_link":"https:\/\/nandi.info\/?author=1"},"category_info":"<a href=\"https:\/\/nandi.info\/?cat=61\" rel=\"category\">Arc en Ciel<\/a> <a href=\"https:\/\/nandi.info\/?cat=38\" rel=\"category\">Education<\/a>","tag_info":"Education","comment_count":"0","jetpack_featured_media_url":"","jetpack_sharing_enabled":true,"_links":{"self":[{"href":"https:\/\/nandi.info\/index.php?rest_route=\/wp\/v2\/posts\/10282","targetHints":{"allow":["GET"]}}],"collection":[{"href":"https:\/\/nandi.info\/index.php?rest_route=\/wp\/v2\/posts"}],"about":[{"href":"https:\/\/nandi.info\/index.php?rest_route=\/wp\/v2\/types\/post"}],"author":[{"embeddable":true,"href":"https:\/\/nandi.info\/index.php?rest_route=\/wp\/v2\/users\/1"}],"replies":[{"embeddable":true,"href":"https:\/\/nandi.info\/index.php?rest_route=%2Fwp%2Fv2%2Fcomments&post=10282"}],"version-history":[{"count":0,"href":"https:\/\/nandi.info\/index.php?rest_route=\/wp\/v2\/posts\/10282\/revisions"}],"wp:featuredmedia":[{"embeddable":true,"href":"https:\/\/nandi.info\/index.php?rest_route=\/"}],"wp:attachment":[{"href":"https:\/\/nandi.info\/index.php?rest_route=%2Fwp%2Fv2%2Fmedia&parent=10282"}],"wp:term":[{"taxonomy":"category","embeddable":true,"href":"https:\/\/nandi.info\/index.php?rest_route=%2Fwp%2Fv2%2Fcategories&post=10282"},{"taxonomy":"post_tag","embeddable":true,"href":"https:\/\/nandi.info\/index.php?rest_route=%2Fwp%2Fv2%2Ftags&post=10282"}],"curies":[{"name":"wp","href":"https:\/\/api.w.org\/{rel}","templated":true}]}}