{"id":10271,"date":"2022-11-28T15:17:29","date_gmt":"2022-11-28T14:17:29","guid":{"rendered":"https:\/\/nandi.info\/?p=10271"},"modified":"2022-11-28T15:17:29","modified_gmt":"2022-11-28T14:17:29","slug":"le-message-de-retour-de-choguel-apres-4-mois-dabsence-mettons-nous-ensemble-dans-une-veritable-union-sacree","status":"publish","type":"post","link":"https:\/\/nandi.info\/?p=10271","title":{"rendered":"Le message de retour de Choguel apr\u00e8s 4 mois d\u2019absence : \u00ab Mettons-nous ensemble dans une v\u00e9ritable union sacr\u00e9e\u2026 \u00bb"},"content":{"rendered":"\n<p><strong>Apr\u00e8s pr\u00e8s de 4 mois d\u2019absence en raison d\u2019une retraite m\u00e9dicale, le Premier ministre de la transition, Dr Choguel Kokalla Ma\u00efga a fait sa premi\u00e8re apparition publique le vendredi 25 novembre 2022. Visiblement tr\u00e8s en bonne sant\u00e9, l\u2019un des artisans de la refondation, du Mali koura, apr\u00e8s avoir inform\u00e9 le pr\u00e9sident de la transition de son aptitude de travailler, s\u2019est adress\u00e9 \u00e0 la population malienne. A tous les Maliens, l\u2019enfant de Tabango a demand\u00e9 une union sacr\u00e9e autour du Mali pour la r\u00e9ussite de la transition.<\/strong><\/p>\n\n\n\n<p class=\"has-drop-cap\">Il est vendredi 25 novembre 2022. Il est d\u00e9j\u00e0 8 heures et les travailleurs sont d\u00e9j\u00e0 \u00e0 leur poste. C\u2019est un vendredi pas comme les autres, pas un vendredi noir, mais un vendredi de joie, d\u2019espoir pour la combat de la refondation de l\u2019\u00c9tat, du Mali Koura.<\/p>\n\n\n\n<p>Ceux qui se sont connect\u00e9s sur les r\u00e9seaux sociaux \u00e0 partir de 9 heures, ont \u00e9t\u00e9 surpris de voir les images du Premier ministre Choguel Kokalla Ma\u00efga avec le pr\u00e9sident de la transition. Eh oui, ce n\u2019est pas une ancienne photo, mais de nouvelle. L\u2019enfant de Tabango n\u2019est pas dans un fauteuil roulant comme certains avaient fait circul\u00e9. C\u2019est un Premier ministre bien portant, qui a m\u00eame pris du poids et brille m\u00eame plus qu\u2019avant. Son sourire \u00e9tait grand. Il est celui d\u2019un Premier ministre heureux de revenir servir son pays avec toute son \u00e9nergie, d\u2019un serviteur d\u00e9termin\u00e9 \u00e0 accomplir sa mission.<\/p>\n\n\n\n<p><strong>Une premi\u00e8re apparition publique avec le pr\u00e9sident de la Transition<\/strong><\/p>\n\n\n\n<p>Pour sa premi\u00e8re r\u00e9apparition publique apr\u00e8s ces 4 mois d\u2019absence, Dr Choguel Kokala MAIGA, a choisi rencontrer le Pr\u00e9sident de la Transition, le Colonel Assimi GOITA en premier .&nbsp;<em>\u00ab Je voudrais saluer et f\u00e9liciter le Pr\u00e9sident et toute son \u00e9quipe pour le travail colossal qui a \u00e9t\u00e9 abattu ces quatre derniers mois qui ont \u00e9t\u00e9 tr\u00e8s difficiles pour les autorit\u00e9s \u00bb,<\/em>&nbsp;avait laiss\u00e9 entendre le chef du gouvernement. L\u2019ing\u00e9nieur t\u00e9l\u00e9coms est d\u00e9termin\u00e9 pour la r\u00e9ussite de transition en indiquant que \u00ab&nbsp;nous sommes condamn\u00e9s \u00e0 r\u00e9ussir, parce qu\u2019il n\u2019y a pas autre choix&nbsp;\u00bb. Pour Choguel Kokalla Ma\u00efga, \u00ab quand on d\u00e9cide de prendre sa souverainet\u00e9 en main, il n\u2019y a pas de demi-mesure, il n\u2019y a pas de marche arri\u00e8re \u00bb.<\/p>\n\n\n\n<p>A en croire le Premier ministre, apr\u00e8s sa cette apparition publique, la reprise est pour bient\u00f4t.&nbsp;<em>\u00ab C\u2019est la reprise presque, avec le Pr\u00e9sident, dans quelques jours, nous allons d\u00e9cider. Mais le simple fait de venir le rencontrer montre que nous sommes d\u00e9j\u00e0 dans la reprise \u00bb,<\/em>&nbsp;a-t-il d\u00e9clar\u00e9.<\/p>\n\n\n\n<p><strong>&nbsp;Choguel s\u2019adresse aux Maliens<\/strong><\/p>\n\n\n\n<p>Apr\u00e8s sa rencontre avec le pr\u00e9sident de la transition, le Premier ministre s\u2019est adress\u00e9 \u00e0 la nation malienne qui, durant toute cette p\u00e9riode, lui a t\u00e9moign\u00e9 de son soutien.&nbsp;<em>\u00ab&nbsp;Je voudrais, en ce moment empreint de solennit\u00e9, remercier du fond du c\u0153ur, l\u2019ensemble de nos compatriotes, de l\u2019int\u00e9rieur et de la diaspora, ainsi que tous les Panafricains. Des plus petits hameaux aux plus grandes agglom\u00e9rations, me sont parvenues, des mosqu\u00e9es, des \u00e9glises et des temples, les pri\u00e8res et les invocations des compatriotes anonymes et des serviteurs du culte&nbsp;\u00bb,<\/em>&nbsp;a-t-il laiss\u00e9 entendre avant d\u2019ajouter&nbsp;:&nbsp;<em>\u00ab&nbsp;Nos concitoyens dans leur \u00e9crasante majorit\u00e9, parents, amis, sympathisants et m\u00eame rivaux politiques les plus farouches ont tenu \u00e0 m\u2019exprimer leur compassion et un bon retour parmi les miens. A toutes et \u00e0 tous je dis : grand merci !&nbsp;\u00bb.<\/em><\/p>\n\n\n\n<p>Reconnaissant, le Premier ministre Choguel l\u2019est. Il l\u2019a d\u2019ailleurs exprim\u00e9 au pr\u00e9sident de la transition. Selon lui, le pr\u00e9sident de la transition a&nbsp;<em>\u00ab&nbsp;entretenu mon moral et ma volont\u00e9 de r\u00e9silience en m\u2019encourageant et en m\u2019assurant de son souhait constant de poursuivre l\u2019\u0153uvre de&nbsp;<strong>Refondation du Mali<\/strong>&nbsp;que nous avons entam\u00e9e ensemble&nbsp;\u00bb.<\/em>&nbsp;Il a \u00e9galement exprim\u00e9 sa reconnaissance aux colonels Malick DIAW, Pr\u00e9sident du Conseil national de Transition CNT)Sadio CAMARA, Modibo KONE et Isma\u00ebl WAGUE.&nbsp;<em>\u00ab&nbsp;Chaque visite rendue a \u00e9t\u00e9 une occasion de r\u00e9it\u00e9rer leur d\u00e9sir de rester ensemble jusqu\u2019au bout&nbsp;\u00bb,<\/em>&nbsp;dit-il.<\/p>\n\n\n\n<p><strong>Hommage au colonel Abdoulaye Ma\u00efga<\/strong><\/p>\n\n\n\n<p>Depuis trois mois, l\u2019int\u00e9rim du Premier ministre est assur\u00e9 par le lieutenant-colonel Abdoulaye Ma\u00efga qui a accomplie cette t\u00e2che \u00e0 souhait. Le Premier ministre Choguel Kokalla Ma\u00efga a tenu \u00e0 lui t\u00e9moigner sa reconnaissance.&nbsp;<em>\u00ab&nbsp;Je voudrais ici, m\u2019adresser plus particuli\u00e8rement au Colonel Abdoulaye MAIGA qui a accept\u00e9 la redoutable charge de Premier ministre par int\u00e9rim qu\u2019il a remplie \u00e0 souhait, tout en exer\u00e7ant ses missions de ministre de l\u2019Administration territoriale et de la D\u00e9centralisation, Porte-parole du Gouvernement&nbsp;\u00bb,<\/em>&nbsp;a-t-il laiss\u00e9 entendre avant d\u2019ajouter&nbsp;:&nbsp;<em>\u00ab&nbsp;Il a tr\u00e8s t\u00f4t rassur\u00e9 les forces vives de la Nation en affirmant suivre \u00e0 la lettre la mise en \u0153uvre du Plan d\u2019Action du Gouvernement (PAG) adopt\u00e9 par le Conseil national de Transition (CNT), le 02 ao\u00fbt 2021. Il l\u2019a dit, il l\u2019a fait&nbsp;\u00bb.<\/em><\/p>\n\n\n\n<p>Le chef du gouvernement a f\u00e9licit\u00e9 le colonel Abdoulaye Ma\u00efga pour sa brillante intervention \u00e0 la tribune de la 77<sup>\u00e8me<\/sup>&nbsp;Session de l\u2019Assembl\u00e9e G\u00e9n\u00e9rale de l\u2019ONU, \u00e0 New York.&nbsp;<em>\u00abVous avez dit tout haut, et de la plus belle des mani\u00e8res, ce que nos compatriotes voudraient entendre&nbsp;\u00bb,&nbsp;<\/em>dit il avait un sentiment de fiert\u00e9.<\/p>\n\n\n\n<p><strong>L\u2019hommage de Choguel \u00e0 la g\u00e9n\u00e9ration Assimi Go\u00efta<\/strong><\/p>\n\n\n\n<p>La g\u00e9n\u00e9ration du pr\u00e9sident de la Transition est une fiert\u00e9 pour le Mali. C\u2019est le t\u00e9moignage qu\u2019a fait le Premier ministre Choguel Kokalla Ma\u00efga.&nbsp;<em>\u00ab&nbsp;La g\u00e9n\u00e9ration&nbsp;<strong>Assimi<\/strong>&nbsp;et compagnons, civils et militaires, c\u2019est cette jeunesse qui a sonn\u00e9 l\u2019\u00e9veil des consciences, c\u2019est cette jeunesse qui a choisi le devoir de g\u00e9n\u00e9ration : la Renaissance du Mali et de l\u2019Afrique&nbsp;\u00bb,<\/em>&nbsp;a-t-il t\u00e9moign\u00e9. Il ajoute que cette&nbsp;<em>\u00ab&nbsp;<\/em><em>g\u00e9n\u00e9ration se caract\u00e9rise par sa r\u00e9volte contre la logique de suj\u00e9tion. C\u2019est la jeunesse qui veut vivre la vie de son \u00e9poque, qui ne veut pas rater le train de la transformation num\u00e9rique&nbsp;\u00bb.<\/em><\/p>\n\n\n\n<p>A en croire le Premier ministre, la g\u00e9n\u00e9ration Assimi Go\u00efta est une jeunesse r\u00e9volt\u00e9e ; r\u00e9volt\u00e9e contre l\u2019id\u00e9ologie infantilisante qui fait de l\u2019Africain, l\u2019\u00e9ternel assist\u00e9, incapable de raison, ballot\u00e9 entre des choix qui sont impos\u00e9s, quittant le filet de Lassana pour celui de Fousseiny.&nbsp;<em>\u00ab&nbsp;La g\u00e9n\u00e9ration&nbsp;<strong>Assimi<\/strong>, c\u2019est cette jeunesse qui a d\u00e9cid\u00e9 de briser le complexe dominant-domin\u00e9 si caract\u00e9ristique de nos relations avec certains \u00c9tats&nbsp;\u00bb,<\/em>&nbsp;affirme Choguel Kokalla Ma\u00efga avant d\u2019ajouter&nbsp;:&nbsp;<em>\u00ab&nbsp;Et croyez-moi, ce n\u2019est pas un hasard que cela soit au Mali que s\u2019est allum\u00e9e la flamme de la renaissance&nbsp;\u00bb.<\/em><\/p>\n\n\n\n<p><strong>Choguel invite les Maliens \u00e0 se mettre ensemble<\/strong><\/p>\n\n\n\n<p>Le Premier ministre Choguel Kokalla Ma\u00efga a profit\u00e9 de ce message pour revenir sur les contextes de l\u2019av\u00e8nement de la transition.&nbsp;<em>\u00ab Notre pays \u00e9tait \u00e0 la crois\u00e9e des chemins. Notre \u00c9tat \u00e9tait en voie de disparition ; notre Nation \u00e9tait en voie de dislocation. Notre soci\u00e9t\u00e9, particuli\u00e8rement sa frange juv\u00e9nile, \u00e9tait en perte de rep\u00e8res. Nombre de nos valeurs ont \u00e9t\u00e9 jet\u00e9es aux orties, par la faute de ceux-l\u00e0 m\u00eames, qui \u00e9taient charg\u00e9s de les entretenir et de les v\u00e9hiculer&nbsp;\u00bb,<\/em>&nbsp;a laiss\u00e9 entendre le soldat r\u00e9serviste.<\/p>\n\n\n\n<p>A l\u2019en croire, la g\u00e9n\u00e9ration des acteurs de la Rectification, civils et militaires, guid\u00e9s par Assimi GOITA a vite compris que la construction nationale repose n\u00e9cessairement sur des valeurs qui fondent le vivre ensemble, l\u2019appartenance \u00e0 une communaut\u00e9 de destin : l\u2019amour de la patrie, la protection du patrimoine national, la sauvegarde de l\u2019int\u00e9r\u00eat g\u00e9n\u00e9ral qui passe par l\u2019affirmation de la souverainet\u00e9 et de la dignit\u00e9, du libre choix de nos partenaires strat\u00e9giques et des int\u00e9r\u00eats bien compris de notre peuple.<\/p>\n\n\n\n<p>Selon les expressions : rectification de la Transition, Conseil national de la Transition (CNT), Assises nationales de la Refondation (ANR), Mali Kura et Refondation sont entr\u00e9es dans le lexique de cette g\u00e9n\u00e9ration, gr\u00e2ce aux gigantesques efforts de toutes les Autorit\u00e9s de la Transition et de tous les Maliens en 2021.&nbsp;<em>\u00ab&nbsp;Cette flamme illuminera le Mali, l\u2019Afrique et le monde In Sha Allah! Le berceau de l\u2019humanit\u00e9, l\u2019Afrique est le continent de l\u2019avenir. L\u2019Afrique sera la locomotive de la croissance mondiale, In Sha Allah&nbsp;\u00bb,<\/em>&nbsp;a-t-il d\u00e9clar\u00e9 avant d\u2019ajouter&nbsp;:&nbsp;<em>\u00ab&nbsp;Voil\u00e0 pourquoi je reviens, apr\u00e8s un temps si long, aux c\u00f4t\u00e9s de cette jeunesse, aux c\u00f4t\u00e9s de vous tous, optimiste et engag\u00e9 plus que jamais, convaincu que notre jeunesse est pr\u00eate pour l\u2019\u0153uvre de Refondation et de reconstruction du Mali et de la nouvelle Afrique&nbsp;\u00bb<\/em>&nbsp;.<\/p>\n\n\n\n<p>Le Premier ministre Choguel Kokalla Ma\u00efga a demand\u00e9 une mutualisation des efforts de tous les Maliens.&nbsp;<em>\u00ab&nbsp;Pour ce faire, il faut une mutualisation de toutes les forces nationales acquises \u00e0 la Transition, quelles que soient leurs origines politiques, sociales, professionnelles, culturelles et cultuelles, afin de rendre irr\u00e9versible le changement. Mettons-nous ensemble dans une v\u00e9ritable union sacr\u00e9e, derri\u00e8re le Pr\u00e9sident de la Transition, pour sauver notre Patrie. J\u2019invite \u00e0 laisser tomber toutes les autres consid\u00e9rations pour sauver notre Nation&nbsp;\u00bb,<\/em>&nbsp;a-t-il conclu.<\/p>\n\n\n\n<p>Il faut rappeler que le Premier ministre Ma\u00efga a \u00e9t\u00e9 mis en repos forc\u00e9 depuis le 1\u00e0 ao\u00fbt 2022.<\/p>\n\n\n\n<p><strong>Boureima Guindo<\/strong><\/p>\n","protected":false},"excerpt":{"rendered":"<p>Apr\u00e8s pr\u00e8s de 4 mois d\u2019absence en raison d\u2019une retraite m\u00e9dicale, le Premier ministre de la transition, Dr Choguel Kokalla Ma\u00efga a fait sa premi\u00e8re apparition publique le vendredi 25&hellip;<\/p>\n","protected":false},"author":1,"featured_media":10273,"comment_status":"open","ping_status":"closed","sticky":false,"template":"","format":"standard","meta":{"content-type":"","_lmt_disableupdate":"","_lmt_disable":"","_jetpack_memberships_contains_paid_content":false,"footnotes":"","jetpack_publicize_message":"","jetpack_publicize_feature_enabled":true,"jetpack_social_post_already_shared":true,"jetpack_social_options":{"image_generator_settings":{"template":"highway","default_image_id":0,"font":"","enabled":false},"version":2}},"categories":[71,23],"tags":[],"class_list":["post-10271","post","type-post","status-publish","format-standard","has-post-thumbnail","hentry","category-le-pays","category-politique"],"jetpack_publicize_connections":[],"featured_image_urls":{"full":"","thumbnail":"","medium":"","medium_large":"","large":"","1536x1536":"","2048x2048":"","penci-recipe-1200x1200":"","penci-recipe-1200x900":"","penci-recipe-1200x675":"","penci-single-full":"","penci-slider-full-thumb":"","penci-full-thumb":"","penci-slider-thumb":"","penci-magazine-slider":"","penci-thumb":"","penci-masonry-thumb":"","penci-thumb-square":"","penci-thumb-vertical":"","penci-thumb-small":""},"author_info":{"display_name":"Nandi","author_link":"https:\/\/nandi.info\/?author=1"},"category_info":"<a href=\"https:\/\/nandi.info\/?cat=71\" rel=\"category\">Le Pays<\/a> <a href=\"https:\/\/nandi.info\/?cat=23\" rel=\"category\">Politique<\/a>","tag_info":"Politique","comment_count":"0","jetpack_featured_media_url":"","jetpack_sharing_enabled":true,"_links":{"self":[{"href":"https:\/\/nandi.info\/index.php?rest_route=\/wp\/v2\/posts\/10271","targetHints":{"allow":["GET"]}}],"collection":[{"href":"https:\/\/nandi.info\/index.php?rest_route=\/wp\/v2\/posts"}],"about":[{"href":"https:\/\/nandi.info\/index.php?rest_route=\/wp\/v2\/types\/post"}],"author":[{"embeddable":true,"href":"https:\/\/nandi.info\/index.php?rest_route=\/wp\/v2\/users\/1"}],"replies":[{"embeddable":true,"href":"https:\/\/nandi.info\/index.php?rest_route=%2Fwp%2Fv2%2Fcomments&post=10271"}],"version-history":[{"count":0,"href":"https:\/\/nandi.info\/index.php?rest_route=\/wp\/v2\/posts\/10271\/revisions"}],"wp:featuredmedia":[{"embeddable":true,"href":"https:\/\/nandi.info\/index.php?rest_route=\/"}],"wp:attachment":[{"href":"https:\/\/nandi.info\/index.php?rest_route=%2Fwp%2Fv2%2Fmedia&parent=10271"}],"wp:term":[{"taxonomy":"category","embeddable":true,"href":"https:\/\/nandi.info\/index.php?rest_route=%2Fwp%2Fv2%2Fcategories&post=10271"},{"taxonomy":"post_tag","embeddable":true,"href":"https:\/\/nandi.info\/index.php?rest_route=%2Fwp%2Fv2%2Ftags&post=10271"}],"curies":[{"name":"wp","href":"https:\/\/api.w.org\/{rel}","templated":true}]}}