{"id":10189,"date":"2022-11-23T15:15:43","date_gmt":"2022-11-23T14:15:43","guid":{"rendered":"https:\/\/nandi.info\/?p=10189"},"modified":"2022-11-23T15:15:43","modified_gmt":"2022-11-23T14:15:43","slug":"tombouctou-le-ctrd-reclame-justice-pour-le-jeune-ibrahim-cisse","status":"publish","type":"post","link":"https:\/\/nandi.info\/?p=10189","title":{"rendered":"<strong>Tombouctou&nbsp;:<\/strong> <strong>Le CTRD r\u00e9clame justice pour le jeune Ibrahim Ciss\u00e9<\/strong>"},"content":{"rendered":"\n<p><strong>Le bureau&nbsp; principal du Collectif Tombouctou R\u00e9clame ses Droits (CTRD) annonc\u00e9, dans un communiqu\u00e9,&nbsp; avoir appris la mort (apr\u00e8s plusieurs jours d&rsquo;hospitalisation) du jeune Ibrahim Ciss\u00e9,&nbsp; pompiste, injustement assassin\u00e9 par deux personnels des forces arm\u00e9es.&nbsp;<\/strong><\/p>\n\n\n\n<p>\u00ab<em>Le seul tort d&rsquo;Ibrahim a \u00e9t\u00e9 d&rsquo;avoir demand\u00e9 \u00e0 ses bourreaux de ne pas racoler sur son lieu de travail (<\/em>station services<em>) \u00e0 proximit\u00e9 d&rsquo;un bar derri\u00e8re le stade municipal de Tombouctou<\/em>\u00bb, a soulign\u00e9 le communiqu\u00e9.&nbsp;&nbsp;<\/p>\n\n\n\n<p>Le second malheur d&rsquo;Ibrahim, a d\u00e9plor\u00e9 le Collectif, \u00ab<em>c&rsquo;est sans doute le fait qu&rsquo;il n&rsquo;appartient pas \u00e0 une famille riche, \u00e0 une notabilit\u00e9 sinon comment comprendre que son cas ne donne lieu \u00e0 aucune condamnation par les autorit\u00e9s politiques,&nbsp; administratives,&nbsp; religieuses ?&nbsp; Les rares voix qui se sont lev\u00e9es, sont menac\u00e9es, leurs publications envoy\u00e9es aux ma\u00eetres des lieux<\/em>\u00bb.&nbsp;<\/p>\n\n\n\n<p>Le bureau&nbsp;&nbsp;du CTRD a donc invit\u00e9 le gouverneur de la r\u00e9gion \u00e0 \u00ab<em>montrer r\u00e9ellement qu&rsquo;il est celui que tout le monde chante, c&rsquo;est-\u00e0-dire honn\u00eate et juste en faisant un communiqu\u00e9 officiel pour d\u00e9noncer le comportement de ces jeunes militaires, faire un \u00e9tat des&nbsp; lieux&nbsp; sur leur inculpation et leur prise en charge par la justice<\/em>\u00bb.&nbsp;&nbsp;<\/p>\n\n\n\n<p>\u00ab<em>Sur cette m\u00eame lanc\u00e9e,&nbsp; nous invitons le commandant de zone de Tombouctou,&nbsp; \u00e0 montrer aux Tombouctiens qu&rsquo;il est au service du peuple et non d&rsquo;un corps en identifiant formellement ces criminels qui n&rsquo;ont rien \u00e0 faire dans les rangs de nos FAMa et \u00e0 rendre justice pour Ibrahim\u2026 Du procureur de&nbsp; Tombouctou,&nbsp; nous esp\u00e9rons la m\u00eame chose dans cette affaire<\/em>\u00bb, a soulign\u00e9 le communiqu\u00e9.<\/p>\n\n\n\n<p><strong>La R\u00e9daction<\/strong><\/p>\n","protected":false},"excerpt":{"rendered":"<p>Le bureau&nbsp; principal du Collectif Tombouctou R\u00e9clame ses Droits (CTRD) annonc\u00e9, dans un communiqu\u00e9,&nbsp; avoir appris la mort (apr\u00e8s plusieurs jours d&rsquo;hospitalisation) du jeune Ibrahim Ciss\u00e9,&nbsp; pompiste, injustement assassin\u00e9 par&hellip;<\/p>\n","protected":false},"author":1,"featured_media":10190,"comment_status":"open","ping_status":"closed","sticky":false,"template":"","format":"standard","meta":{"content-type":"","_lmt_disableupdate":"","_lmt_disable":"","_jetpack_memberships_contains_paid_content":false,"footnotes":"","jetpack_publicize_message":"","jetpack_publicize_feature_enabled":true,"jetpack_social_post_already_shared":true,"jetpack_social_options":{"image_generator_settings":{"template":"highway","default_image_id":0,"font":"","enabled":false},"version":2}},"categories":[53,21],"tags":[],"class_list":["post-10189","post","type-post","status-publish","format-standard","has-post-thumbnail","hentry","category-le-matin","category-societe"],"jetpack_publicize_connections":[],"featured_image_urls":{"full":"","thumbnail":"","medium":"","medium_large":"","large":"","1536x1536":"","2048x2048":"","penci-recipe-1200x1200":"","penci-recipe-1200x900":"","penci-recipe-1200x675":"","penci-single-full":"","penci-slider-full-thumb":"","penci-full-thumb":"","penci-slider-thumb":"","penci-magazine-slider":"","penci-thumb":"","penci-masonry-thumb":"","penci-thumb-square":"","penci-thumb-vertical":"","penci-thumb-small":""},"author_info":{"display_name":"Nandi","author_link":"https:\/\/nandi.info\/?author=1"},"category_info":"<a href=\"https:\/\/nandi.info\/?cat=53\" rel=\"category\">Le Matin<\/a> <a href=\"https:\/\/nandi.info\/?cat=21\" rel=\"category\">Soci\u00e9t\u00e9<\/a>","tag_info":"Soci\u00e9t\u00e9","comment_count":"0","jetpack_featured_media_url":"","jetpack_sharing_enabled":true,"_links":{"self":[{"href":"https:\/\/nandi.info\/index.php?rest_route=\/wp\/v2\/posts\/10189","targetHints":{"allow":["GET"]}}],"collection":[{"href":"https:\/\/nandi.info\/index.php?rest_route=\/wp\/v2\/posts"}],"about":[{"href":"https:\/\/nandi.info\/index.php?rest_route=\/wp\/v2\/types\/post"}],"author":[{"embeddable":true,"href":"https:\/\/nandi.info\/index.php?rest_route=\/wp\/v2\/users\/1"}],"replies":[{"embeddable":true,"href":"https:\/\/nandi.info\/index.php?rest_route=%2Fwp%2Fv2%2Fcomments&post=10189"}],"version-history":[{"count":0,"href":"https:\/\/nandi.info\/index.php?rest_route=\/wp\/v2\/posts\/10189\/revisions"}],"wp:featuredmedia":[{"embeddable":true,"href":"https:\/\/nandi.info\/index.php?rest_route=\/"}],"wp:attachment":[{"href":"https:\/\/nandi.info\/index.php?rest_route=%2Fwp%2Fv2%2Fmedia&parent=10189"}],"wp:term":[{"taxonomy":"category","embeddable":true,"href":"https:\/\/nandi.info\/index.php?rest_route=%2Fwp%2Fv2%2Fcategories&post=10189"},{"taxonomy":"post_tag","embeddable":true,"href":"https:\/\/nandi.info\/index.php?rest_route=%2Fwp%2Fv2%2Ftags&post=10189"}],"curies":[{"name":"wp","href":"https:\/\/api.w.org\/{rel}","templated":true}]}}