{"id":10183,"date":"2022-11-23T15:03:02","date_gmt":"2022-11-23T14:03:02","guid":{"rendered":"https:\/\/nandi.info\/?p=10183"},"modified":"2022-11-23T15:03:02","modified_gmt":"2022-11-23T14:03:02","slug":"mme-diakite-mariam-kone-laureate-du-trophee-african-leadership-award-si-le-karite-disparait-des-millions-de-personnes-vont-perdre-une-vraie-source-de-revenus","status":"publish","type":"post","link":"https:\/\/nandi.info\/?p=10183","title":{"rendered":"<strong>Mme Diakit\u00e9 Mariam Kon\u00e9, laur\u00e9ate du troph\u00e9e African Leadership Award&nbsp;:<\/strong> <strong>\u00abSi le karit\u00e9 dispara\u00eet, des millions de personnes vont perdre une vraie source de revenus\u00bb<\/strong>"},"content":{"rendered":"\n<p><strong>Secr\u00e9taire particuli\u00e8re (SP) de l&rsquo;Ambassadeur\/Repr\u00e9sentant permanent du Mali aupr\u00e8s des Nations unies \u00e0 New York (Etats-Unis) et pr\u00e9sidente fondatrice de l\u2019Ong \u00abWassa Karit\u00e9\u00bb, Mme Diakit\u00e9 Mariam Kon\u00e9 vient d\u2019honorer notre pays sur la sc\u00e8ne internationale. Elle est en effet Ambassadrice et laur\u00e9ate cette ann\u00e9e du troph\u00e9e \u00abAfrican Leadership Award\u00bb. Sa distinction lui a \u00e9t\u00e9 remise le 5 novembre 2022. Une juste reconnaissance de son leadership dans la promotion non seulement de nos produits, mais aussi de l\u2019autonomisation de la femme rurale.<\/strong><\/p>\n\n\n\n<p>\u00ab<em>C\u2019est au nom du peuple malien, particuli\u00e8rement au nom des coop\u00e9ratives de femmes productrices de beurre de karit\u00e9 en milieu rural, que j\u2019ai accept\u00e9 ce troph\u00e9e<\/em>\u00bb&nbsp;! Ainsi s\u2019exprime Mme Diakit\u00e9 Mariam Kon\u00e9. Pr\u00e9sidente fondatrice de l\u2019Ong \u00ab<em>Wassa Karit\u00e9<\/em>\u00bb, elle a \u00e9t\u00e9 d\u00e9sign\u00e9e \u00ab<em>Ambassadrice<\/em>\u00bb et laur\u00e9ate du troph\u00e9e \u00ab<em>African Leadership Award<\/em>\u00bb 2022. \u00ab<em>Ce&nbsp;&nbsp;prix est d\u00e9di\u00e9 \u00e0 toutes les braves femmes en Afrique et \u00e0 travers le monde qui travaillent inlassablement et avec dignit\u00e9 pour soutenir leurs familles et communaut\u00e9s<\/em>\u00bb, poursuit la laur\u00e9ate.<\/p>\n\n\n\n<p>\u00ab<em>Cette distinction repr\u00e9sente un encouragement pour moi et m\u2019inspire davantage \u00e0 \u0153uvrer pour l\u2019\u00e9panouissement de la femme<\/em>\u00bb, nous confie Mme Diakit\u00e9 depuis New York o\u00f9 elle travaille comme Secr\u00e9taire particuli\u00e8re (SP) de l&rsquo;Ambassadeur\/Repr\u00e9sentant permanent du Mali aupr\u00e8s des Nations unies. Cr\u00e9\u00e9e au Mali depuis 2008, \u00ab<em>Wassa Karit\u00e9<\/em>\u00bb \u0153uvre depuis \u00e0 la protection du parc de&nbsp; karit\u00e9, \u00e0 la promotion du d\u00e9veloppement socio-\u00e9conomique et culturel des femmes productrices de karit\u00e9 dans le milieu rural. A ces actrices du d\u00e9veloppement durable, elle a apport\u00e9 un appui pr\u00e9cieux dans la revalorisation de leur travail et de leurs produits. D\u2019o\u00f9 sans doute cette prestigieuse reconnaissance au niveau international.<\/p>\n\n\n\n<p>Les acquis de l\u2019Ong plaident en tout cas en sa faveur. A sa cr\u00e9ation, elle a multipli\u00e9 les visites de prospection sur le terrain pour \u00ab<em>\u00e9changer et toucher du doigt la r\u00e9alit\u00e9 des femmes productrices<\/em>\u00bb. Ses responsables ont aussi men\u00e9 des actions humanitaires en milieu rural (r\u00e9gions de Sikasso, Koulikoro et Kayes)&nbsp;; achet\u00e9 des centaines de kilos de beurre de karit\u00e9 destin\u00e9s aux coop\u00e9ratives am\u00e9ricaines\u2026 Sans compter les r\u00e9unions de sensibilisation des femmes \u00e0 la pr\u00e9servation du parc de karit\u00e9 et de l\u2019environnement&nbsp;; la formation des femmes aux meilleures techniques de production du beurre de karit\u00e9 et aux dispositions requises en vue de la conservation et de la gestion de la production.<\/p>\n\n\n\n<p><strong>Le karit\u00e9, un tr\u00e9sor qui fait face \u00e0 de nombreuses menaces<\/strong><\/p>\n\n\n\n<p>&nbsp;\u00ab<em>Le karit\u00e9, arbre majestueux, est utilis\u00e9 depuis des mill\u00e9naires dans la soci\u00e9t\u00e9 africaine pour ses bienfaits, mais aussi dans le monde moderne pour diff\u00e9rentes fonctions, dont les principales sont dans l\u2019industrie agroalimentaire <\/em>(comme le chocolat)<em>, dans la cosm\u00e9tique et dans la recherche pharmaceutique<\/em>\u00bb, souligne Mariam Kon\u00e9 Diakit\u00e9. Son Ong \u0153uvre aujourd\u2019hui \u00e0 aider les productrices \u00e0 en tirer le maximum de profits.&nbsp;Et cela d\u2019autant plus que, analyse la pr\u00e9sidente fondatrice, \u00ab<em>le Mali est un pays tr\u00e8s riche du fait de l\u2019abondance de ses ressources naturelles et surtout de la diversit\u00e9 de sa population. Et pourtant, la majorit\u00e9 manque de moyens de subsistance<\/em>\u00bb.<\/p>\n\n\n\n<p>Cette distinction va rehausser sa r\u00e9putation internationale et l\u2019aider \u00e0 relever les d\u00e9fis qu\u2019elle s\u2019est fix\u00e9e. Il s\u2019agit de positionner le Mali sur les march\u00e9s r\u00e9gionaux et mondiaux des produits de karit\u00e9, car \u00ab<em>notre pays poss\u00e8de&nbsp; pr\u00e8s des trois quarts des pieds de karit\u00e9 dans le monde<\/em>\u00bb ; encadrer davantage les femmes rurales afin d\u2019am\u00e9liorer la qualit\u00e9 des noix et du beurre de karit\u00e9 ; promouvoir le commerce \u00e9quitable sur le march\u00e9 international qui est actuellement tr\u00e8s comp\u00e9titif\u2026 Elle s\u2019attelle aussi \u00e0 soutenir le d\u00e9veloppement socio-\u00e9conomique de la fili\u00e8re karit\u00e9 et des communaut\u00e9s qui en d\u00e9pendent, dont environ 90 % sont des femmes. \u00ab<em>Wassa Karit\u00e9<\/em>\u00bb travaille \u00e9galement, selon sa pr\u00e9sidente, \u00e0 \u00ab<em>cr\u00e9er des accords de coop\u00e9ration et non de comp\u00e9tition entre les femmes productrices de karit\u00e9 en milieu rural<\/em>\u00bb.<\/p>\n\n\n\n<p>Et d\u2019ajouter, \u00ab<em>Wassa Karit\u00e9 a des ambitions m\u00e9diatiques sur le karit\u00e9 qui vont favoriser la synergie entre des activit\u00e9s \u00e9conomiques et la conservation de la nature, car il faut qu\u2019il y ait une harmonie entre la sant\u00e9 \u00e9cologique, la sant\u00e9 humaine et la sant\u00e9 \u00e9conomique<\/em>\u00bb. Pour ce faire, souligne Mme Diakit\u00e9, \u00ab<em>l\u2019Etat doit mettre en place une vraie politique nationale de soutien et surtout d\u2019encadrement qui pr\u00f4ne la coop\u00e9ration \u00e9troite avec les collectivit\u00e9s locales dans le but de favoriser un d\u00e9veloppement \u00e9conomique et culturel en harmonie avec le bien \u00eatre des populations et la pr\u00e9servation de l\u2019environnement<\/em>\u00bb. Et cela est tr\u00e8s urgent d\u2019autant plus que \u00ab<em>le karit\u00e9 est menac\u00e9 \u00e0 cause de l\u2019abattage anarchique, l\u2019utilisation excessive des engrais et autres produits chimiques qui appauvrissent le sol et conduisent \u00e0 la d\u00e9sertification<\/em>\u00bb.<\/p>\n\n\n\n<p>C\u2019est un tr\u00e9sor environnemental \u00e0 prot\u00e9ger. Surtout que, rappelle l\u2019Ambassadrice et laur\u00e9ate du troph\u00e9e \u00ab<em>African Leadership Award<\/em>\u00bb, le parc de karit\u00e9 fait partie de \u00ab<em>notre h\u00e9ritage<\/em>\u00bb&nbsp;!&nbsp;<em>Sans la nature, l&rsquo;\u00eatre humain perd son int\u00e9grit\u00e9 et il n\u2019 y aura pas de civilisation<\/em>\u00bb. D\u2019o\u00f9 sans doute la n\u00e9cessit\u00e9 de mettre dans \u00ab<em>le curriculum des \u00e9coles l&rsquo;importance de l&rsquo;arbre de karit\u00e9 car s\u2019il dispara\u00eet, des millions de personnes vont perdre une vraie source de revenus<\/em>\u00bb. Cette dame engag\u00e9e est en tout cas d\u00e9termin\u00e9e \u00e0 se battre pour prioriser \u00ab<em>la strat\u00e9gie nationale de d\u00e9veloppement durable de la fili\u00e8re karit\u00e9 en cr\u00e9ant une synergie au niveau des diff\u00e9rents acteurs de la fili\u00e8re, un v\u00e9ritable levier de cr\u00e9ation de richesses et un facteur de d\u00e9veloppement<\/em>\u00bb.<\/p>\n\n\n\n<p>Aur\u00e9ol\u00e9e de cette prestigieuse distinction, Mme Diakit\u00e9 Mariam Kon\u00e9 lance un vibrant appel aux femmes, notamment celles du monde rural, et les exhorte \u00e0 \u00ab<em>comprendre la n\u00e9cessit\u00e9 d\u2019une meilleure \u00e9ducation sur le karit\u00e9<\/em>\u00bb. Elle appelle tout le monde \u00e0 \u00ab<em>mettre l\u2019accent sur la valeur de l\u2019arbre de karit\u00e9, \u00e0 prot\u00e9ger le parc qui est aujourd\u2019hui&nbsp;&nbsp;menac\u00e9 du fait de la d\u00e9gradation de l\u2019environnement<\/em>&nbsp;(s\u00e9cheresse, d\u00e9sertification\u2026\u00bb&nbsp;!<\/p>\n\n\n\n<p>Pour la d\u00e9fense de cette noble cause, elle est aujourd\u2019hui une r\u00e9f\u00e9rence mondiale gr\u00e2ce \u00e0 son leadership r\u00e9compens\u00e9 \u00e0 New York le 5 novembre 2022&nbsp;!<\/p>\n\n\n\n<p><strong>Moussa Bolly<\/strong><\/p>\n\n\n\n<p><strong>Le Matin<\/strong><\/p>\n","protected":false},"excerpt":{"rendered":"<p>Secr\u00e9taire particuli\u00e8re (SP) de l&rsquo;Ambassadeur\/Repr\u00e9sentant permanent du Mali aupr\u00e8s des Nations unies \u00e0 New York (Etats-Unis) et pr\u00e9sidente fondatrice de l\u2019Ong \u00abWassa Karit\u00e9\u00bb, Mme Diakit\u00e9 Mariam Kon\u00e9 vient d\u2019honorer notre&hellip;<\/p>\n","protected":false},"author":1,"featured_media":10187,"comment_status":"open","ping_status":"closed","sticky":false,"template":"","format":"standard","meta":{"content-type":"","_lmt_disableupdate":"","_lmt_disable":"","_jetpack_memberships_contains_paid_content":false,"footnotes":"","jetpack_publicize_message":"","jetpack_publicize_feature_enabled":true,"jetpack_social_post_already_shared":true,"jetpack_social_options":{"image_generator_settings":{"template":"highway","default_image_id":0,"font":"","enabled":false},"version":2}},"categories":[27,53,92],"tags":[],"class_list":["post-10183","post","type-post","status-publish","format-standard","has-post-thumbnail","hentry","category-femmes","category-le-matin","category-slider"],"jetpack_publicize_connections":[],"featured_image_urls":{"full":"","thumbnail":"","medium":"","medium_large":"","large":"","1536x1536":"","2048x2048":"","penci-recipe-1200x1200":"","penci-recipe-1200x900":"","penci-recipe-1200x675":"","penci-single-full":"","penci-slider-full-thumb":"","penci-full-thumb":"","penci-slider-thumb":"","penci-magazine-slider":"","penci-thumb":"","penci-masonry-thumb":"","penci-thumb-square":"","penci-thumb-vertical":"","penci-thumb-small":""},"author_info":{"display_name":"Nandi","author_link":"https:\/\/nandi.info\/?author=1"},"category_info":"<a href=\"https:\/\/nandi.info\/?cat=27\" rel=\"category\">Femmes<\/a> <a href=\"https:\/\/nandi.info\/?cat=53\" rel=\"category\">Le Matin<\/a> <a href=\"https:\/\/nandi.info\/?cat=92\" rel=\"category\">Slider<\/a>","tag_info":"Slider","comment_count":"0","jetpack_featured_media_url":"","jetpack_sharing_enabled":true,"_links":{"self":[{"href":"https:\/\/nandi.info\/index.php?rest_route=\/wp\/v2\/posts\/10183","targetHints":{"allow":["GET"]}}],"collection":[{"href":"https:\/\/nandi.info\/index.php?rest_route=\/wp\/v2\/posts"}],"about":[{"href":"https:\/\/nandi.info\/index.php?rest_route=\/wp\/v2\/types\/post"}],"author":[{"embeddable":true,"href":"https:\/\/nandi.info\/index.php?rest_route=\/wp\/v2\/users\/1"}],"replies":[{"embeddable":true,"href":"https:\/\/nandi.info\/index.php?rest_route=%2Fwp%2Fv2%2Fcomments&post=10183"}],"version-history":[{"count":0,"href":"https:\/\/nandi.info\/index.php?rest_route=\/wp\/v2\/posts\/10183\/revisions"}],"wp:featuredmedia":[{"embeddable":true,"href":"https:\/\/nandi.info\/index.php?rest_route=\/"}],"wp:attachment":[{"href":"https:\/\/nandi.info\/index.php?rest_route=%2Fwp%2Fv2%2Fmedia&parent=10183"}],"wp:term":[{"taxonomy":"category","embeddable":true,"href":"https:\/\/nandi.info\/index.php?rest_route=%2Fwp%2Fv2%2Fcategories&post=10183"},{"taxonomy":"post_tag","embeddable":true,"href":"https:\/\/nandi.info\/index.php?rest_route=%2Fwp%2Fv2%2Ftags&post=10183"}],"curies":[{"name":"wp","href":"https:\/\/api.w.org\/{rel}","templated":true}]}}