{"id":10178,"date":"2022-11-23T14:22:15","date_gmt":"2022-11-23T13:22:15","guid":{"rendered":"https:\/\/nandi.info\/?p=10178"},"modified":"2022-11-23T14:22:15","modified_gmt":"2022-11-23T13:22:15","slug":"journee-mondiale-de-lenfance-le-jeu-et-le-sport-utilises-comme-facteur-dinclusion-et-de-progres-pour-promouvoir-les-droits-de-lenfant","status":"publish","type":"post","link":"https:\/\/nandi.info\/?p=10178","title":{"rendered":"<strong>Journ\u00e9e mondiale de l\u2019enfance&nbsp;:<\/strong> <strong>Le jeu et le sport utilis\u00e9s comme facteur d\u2019inclusion et de progr\u00e8s pour promouvoir les droits de l\u2019Enfant<\/strong>"},"content":{"rendered":"\n<p><strong>Le Mali a c\u00e9l\u00e9br\u00e9 le week-end dernier (samedi 19 et dimanche 20 novembre 2022) la Journ\u00e9e mondiale de l&rsquo;Enfance (JME) qui marque aussi cette ann\u00e9e le 33e anniversaire de la Convention relative aux droits de l\u2019Enfant (CDE). Les manifestations comm\u00e9moratives ont \u00e9t\u00e9 organis\u00e9es par le minist\u00e8re de la Promotion de la Femme, de l\u2019Enfant et de la Famille (MPFEF) avec le Fonds des Nations unies pour l\u2019Enfance (UNICEF) \u00e0 la Cit\u00e9 des enfants.<\/strong><\/p>\n\n\n\n<p>\u00ab<em>Pour chaque enfant, participation, \u00e9galit\u00e9 de droits et inclusion<\/em>\u00bb&nbsp;! Tel \u00e9tait cette ann\u00e9e le th\u00e8me de la c\u00e9l\u00e9bration au Mali de la Journ\u00e9e mondiale de l\u2019Enfance (JME). L\u2019Unicef a profit\u00e9 de ce \u00ab<em>moment fort de plaidoyer<\/em>\u00bb pour rappeler \u00ab<em>la n\u00e9cessit\u00e9 de continuer \u00e0 nous engager avec enthousiasme pour chaque enfant, pour chaque droit<\/em>\u00bb.<\/p>\n\n\n\n<p>Cette ann\u00e9e, le MPFF, l\u2019Unicef et les associations sportives (Association pour la Promotion de la jeunesse et des sports\/APJS, Handisport Mali et Right to Play) se sont joints aux enfants, adolescents et adolescentes pour utiliser le jeu et le sport comme facteur d\u2019inclusion et de progr\u00e8s pour chaque fille ou gar\u00e7on. \u00ab<em>En plus de l\u2019effet positif sur la bonne sant\u00e9 physique et mentale, le sport est un excellent terrain pour exp\u00e9rimenter l&rsquo;\u00e9galit\u00e9 gr\u00e2ce aux \u00e9quipes mixtes et inclusives<\/em>\u00bb, a soulign\u00e9 un communiqu\u00e9 publi\u00e9 par l\u2019Unicef \u00e0 la fin de cette journ\u00e9e.<\/p>\n\n\n\n<p>Ainsi, samedi dernier (\u00e0 la Cit\u00e9 des Enfants de Bamako et \u00e0 travers le pays) des centaines d\u2019enfants (organis\u00e9s en \u00e9quipes mixtes et inclusives) se sont initi\u00e9s \u00e0 des sports et jeux qu\u2019ils n\u2019avaient jamais pratiqu\u00e9s. Il s\u2019agit du c\u00e9cifoot (foot pour les non-voyants), du basket-ball, du volley-ball, de la course \u00e0 pied, des arts martiaux et des jeux traditionnels comme le wali. De \u00ab<em>tr\u00e8s beaux moments de brassage<\/em>\u00bb, selon l\u2019Unicef. \u00ab<em>J\u2019ai d\u00e9j\u00e0 remport\u00e9 trois m\u00e9dailles d\u2019or au niveau international en handisport au 100 m, 200 m course et saut en longueur<\/em>\u00bb, a rappel\u00e9 Aminata, 15 ans.<\/p>\n\n\n\n<p>Le droit \u00e0 l\u2019inclusion et la non-discrimination sont centraux dans la Convention des Nations unies relative aux droits de l&rsquo;Enfant (CDE) pour laquelle le Mali s\u2019est engag\u00e9 parmi les premiers, en la ratifiant d\u00e8s 1990. Un engagement qui a relativement port\u00e9 ses fruits. \u00ab<em>Le taux de mortalit\u00e9 infantile est pass\u00e9 de 113 % en 2001 \u00e0 54 % en 2018<\/em>\u00bb, a d\u00e9clar\u00e9 Mme Wadidi\u00e9 Foun\u00e9 Coulibaly, ministre de la Promotion de la Femme, de l\u2019Enfant et de la Famille. Ceci confirme l\u2019engagement du gouvernement et de tous les Partenaires techniques et financiers (PTF) pour le droit des filles et des gar\u00e7ons \u00e0 la survie.<\/p>\n\n\n\n<p>Malgr\u00e9 ces avanc\u00e9es, d\u2019autres droits des enfants sont encore fragiles. Ainsi, l\u2019Unicef s&rsquo;inqui\u00e8te pour le droit des enfants \u00e0 l\u2019\u00e9ducation. Et cela d\u2019autant plus que,&nbsp; en juin 2022, pr\u00e8s de 1 766 \u00e9coles \u00e9taient ferm\u00e9es, affectant environ un demi-million d\u2019enfants en \u00e2ge d\u2019\u00eatre scolaris\u00e9s. L\u2019organisme onusien a n\u00e9anmoins salu\u00e9 \u00ab<em>le courage du personnel enseignants<\/em>\u00bb et a soulign\u00e9 \u00ab<em>l\u2019importance \u00e0 respecter les principes de la D\u00e9claration sur la s\u00e9curit\u00e9 des \u00e9coles que le Mali a approuv\u00e9e et qui insiste sur la continuit\u00e9 de l\u2019\u00e9ducation durant les conflits arm\u00e9s\u2026<\/em>\u00bb.<\/p>\n\n\n\n<p><strong>L\u2019exclusion et la discrimination facteurs de pr\u00e9carit\u00e9<\/strong><\/p>\n\n\n\n<p>\u00ab<em>Les enfants du Mali veulent \u00e9tudier en toute s\u00e9r\u00e9nit\u00e9<\/em>\u00bb, a d\u00e9clar\u00e9 Samba Diallo, repr\u00e9sentant du Parlement des enfants du Mali, lors de la c\u00e9r\u00e9monie de c\u00e9l\u00e9bration de la Journ\u00e9e mondiale de l\u2019Enfance. \u00ab<em>Ce sont les enfants et leurs familles qui paient le plus lourd tribut de la crise du Sahel<\/em>\u00bb, a d\u00e9clar\u00e9 Andrea Berther, repr\u00e9sentante par int\u00e9rim de l\u2019Unicef au Mali.&nbsp; \u00ab<em>Pourtant, les filles et les gar\u00e7ons sont le plus grand atout pour le d\u00e9veloppement du Mali. Profitons de chaque opportunit\u00e9 pour leur donner la parole et les moyens d\u2019exprimer le changement positif dont ils sont porteurs<\/em>\u00bb, a-t-elle souhait\u00e9.<\/p>\n\n\n\n<p>Publi\u00e9 le 18 novembre 2022 et intitul\u00e9 \u00ab<em>Des droits bafou\u00e9s&nbsp;: Les effets de la discrimination sur les enfants<\/em>\u00bb, le rapport de l\u2019Unicef au niveau mondial, d\u00e9montre \u00ab<em>l\u2019ampleur de la discrimination sur l\u2019\u00e9ducation et la sant\u00e9 des enfants ainsi qu\u2019en mati\u00e8re d\u2019enregistrement des naissances et d\u2019acc\u00e8s \u00e0 un syst\u00e8me de justice \u00e9quitable<\/em>\u00bb. Il met en exergue \u00ab<em>les importantes disparit\u00e9s subies par les groupes minoritaires et ethniques<\/em>\u00bb.<\/p>\n\n\n\n<p>\u00ab<em>L\u2019exclusion et la discrimination font courir aux enfants le risque d\u2019\u00eatre exclus et de vivre \u00e0 jamais dans la pr\u00e9carit\u00e9<\/em>\u00bb, a d\u00e9clar\u00e9 Catherine Russell, Directrice g\u00e9n\u00e9rale de l\u2019UNICEF. \u00ab<em>Cette situation a des cons\u00e9quences n\u00e9fastes pour nous tous. Prot\u00e9ger les droits de chaque enfant, quelles que soient son identit\u00e9 et son origine, est le plus s\u00fbr moyen de b\u00e2tir un monde plus juste, plus pacifique et plus prosp\u00e8re pour tous<\/em>\u00bb, a-t-elle poursuivi.<\/p>\n\n\n\n<p>C\u00e9l\u00e9br\u00e9e chaque ann\u00e9e le 20 novembre, la Journ\u00e9e mondiale de l\u2019Enfance nous rappelle qu\u2019ensemble nous pourrons atteindre notre objectif commun qui est de \u00ab<em>permettre \u00e0 chaque enfant, \u00e0 travers le Mali, de jouir de tous ses droits<\/em>\u00bb. Cette ann\u00e9e, elle a co\u00efncid\u00e9&nbsp; avec le coup d&rsquo;envoi de la Coupe du monde \u00ab<em>Qatar 2022<\/em>\u00bb offrant ainsi aux acteurs de la protection de l\u2019Enfance \u00ab<em>une occasion unique d&rsquo;engager de mani\u00e8re cr\u00e9ative de nouveaux publics et de placer les probl\u00e8mes des enfants en t\u00eate de l&rsquo;agenda mondial<\/em>\u00bb&nbsp;!<\/p>\n\n\n\n<p><strong>Naby<\/strong><\/p>\n","protected":false},"excerpt":{"rendered":"<p>Le Mali a c\u00e9l\u00e9br\u00e9 le week-end dernier (samedi 19 et dimanche 20 novembre 2022) la Journ\u00e9e mondiale de l&rsquo;Enfance (JME) qui marque aussi cette ann\u00e9e le 33e anniversaire de la&hellip;<\/p>\n","protected":false},"author":1,"featured_media":10179,"comment_status":"open","ping_status":"closed","sticky":false,"template":"","format":"standard","meta":{"content-type":"","_lmt_disableupdate":"","_lmt_disable":"","_jetpack_memberships_contains_paid_content":false,"footnotes":"","jetpack_publicize_message":"","jetpack_publicize_feature_enabled":true,"jetpack_social_post_already_shared":true,"jetpack_social_options":{"image_generator_settings":{"template":"highway","default_image_id":0,"font":"","enabled":false},"version":2}},"categories":[53,21],"tags":[],"class_list":["post-10178","post","type-post","status-publish","format-standard","has-post-thumbnail","hentry","category-le-matin","category-societe"],"jetpack_publicize_connections":[],"featured_image_urls":{"full":"","thumbnail":"","medium":"","medium_large":"","large":"","1536x1536":"","2048x2048":"","penci-recipe-1200x1200":"","penci-recipe-1200x900":"","penci-recipe-1200x675":"","penci-single-full":"","penci-slider-full-thumb":"","penci-full-thumb":"","penci-slider-thumb":"","penci-magazine-slider":"","penci-thumb":"","penci-masonry-thumb":"","penci-thumb-square":"","penci-thumb-vertical":"","penci-thumb-small":""},"author_info":{"display_name":"Nandi","author_link":"https:\/\/nandi.info\/?author=1"},"category_info":"<a href=\"https:\/\/nandi.info\/?cat=53\" rel=\"category\">Le Matin<\/a> <a href=\"https:\/\/nandi.info\/?cat=21\" rel=\"category\">Soci\u00e9t\u00e9<\/a>","tag_info":"Soci\u00e9t\u00e9","comment_count":"0","jetpack_featured_media_url":"","jetpack_sharing_enabled":true,"_links":{"self":[{"href":"https:\/\/nandi.info\/index.php?rest_route=\/wp\/v2\/posts\/10178","targetHints":{"allow":["GET"]}}],"collection":[{"href":"https:\/\/nandi.info\/index.php?rest_route=\/wp\/v2\/posts"}],"about":[{"href":"https:\/\/nandi.info\/index.php?rest_route=\/wp\/v2\/types\/post"}],"author":[{"embeddable":true,"href":"https:\/\/nandi.info\/index.php?rest_route=\/wp\/v2\/users\/1"}],"replies":[{"embeddable":true,"href":"https:\/\/nandi.info\/index.php?rest_route=%2Fwp%2Fv2%2Fcomments&post=10178"}],"version-history":[{"count":0,"href":"https:\/\/nandi.info\/index.php?rest_route=\/wp\/v2\/posts\/10178\/revisions"}],"wp:featuredmedia":[{"embeddable":true,"href":"https:\/\/nandi.info\/index.php?rest_route=\/"}],"wp:attachment":[{"href":"https:\/\/nandi.info\/index.php?rest_route=%2Fwp%2Fv2%2Fmedia&parent=10178"}],"wp:term":[{"taxonomy":"category","embeddable":true,"href":"https:\/\/nandi.info\/index.php?rest_route=%2Fwp%2Fv2%2Fcategories&post=10178"},{"taxonomy":"post_tag","embeddable":true,"href":"https:\/\/nandi.info\/index.php?rest_route=%2Fwp%2Fv2%2Ftags&post=10178"}],"curies":[{"name":"wp","href":"https:\/\/api.w.org\/{rel}","templated":true}]}}