{"id":10167,"date":"2022-11-23T09:24:00","date_gmt":"2022-11-23T08:24:00","guid":{"rendered":"https:\/\/nandi.info\/?p=10167"},"modified":"2022-11-23T09:24:00","modified_gmt":"2022-11-23T08:24:00","slug":"mot-introductif-du-president-de-la-commission-dr-zepre-coulibaly","status":"publish","type":"post","link":"https:\/\/nandi.info\/?p=10167","title":{"rendered":"Mot introductif du pr\u00e9sident de la commission DR Zepr\u00e9 Coulibaly"},"content":{"rendered":"\n<h2 class=\"has-large-font-size wp-block-heading\"><strong>Atelier national de mise en place de l\u2019observatoire des risques professionnels du Mali<\/strong><\/h2>\n\n\n\n<p>Bamako, le 21 Novembre 2022<\/p>\n\n\n\n<ul class=\"wp-block-list\"><li><strong>Madame le Ministre de la Sant\u00e9 et du d\u00e9veloppement social<\/strong><\/li><li><strong>Madame le Ministre du Travail, de la Fonction Publique et du Dialogue Social<\/strong><\/li><li><strong>Monsieur le maire de la commune III du district de Bamako<\/strong><\/li><li><strong>Monsieur le Secr\u00e9taire G\u00e9n\u00e9ral de l\u2019Inter-africaine de la Pr\u00e9vention des Risques Professionnels et sa d\u00e9l\u00e9gation<\/strong><\/li><li><strong>Docteur Dieubou\u00e9 Josef expert du BIT \u00e0 Dakar<\/strong><\/li><li><strong>Monsieur le Repr\u00e9sentant de l\u2019Organisation internationale du travail<\/strong><\/li><li><strong>Monsieur le Repr\u00e9sentant de l\u2019Organisation Mondiale de la Sant\u00e9<\/strong><\/li><li><strong>Monsieur le Pr\u00e9sident du Conseil d\u2019administration de l\u2019INPS<\/strong><\/li><li><strong>Monsieur le Directeur National du Travail<\/strong><\/li><li><strong>Monsieur le Directeur G\u00e9n\u00e9ral de la Caisse Malienne de S\u00e9curit\u00e9 Sociale<\/strong><\/li><li><strong>Monsieur le Directeur G\u00e9n\u00e9ral de la Caisse Nationale d\u2019Assurance Maladie<\/strong><\/li><li><strong>Monsieur le Directeur G\u00e9n\u00e9ral de l\u2019Agence Nationale d\u2019Assistance M\u00e9dicale<\/strong><\/li><li><strong>Monsieur le Repr\u00e9sentant du patronat du Mali<\/strong><\/li><li><strong>Mesdames, Messieurs, les Chefs d\u2019entreprises<\/strong><\/li><li><strong>Mesdames, Messieurs, les responsables syndicaux<\/strong><\/li><li><strong>Chers participants<\/strong><\/li><li><strong>Mesdames, Messieurs, en vos rangs, grades et qualit\u00e9s, tout protocole observ\u00e9<\/strong><\/li><\/ul>\n\n\n\n<p>En ce jour de naissance de ce b\u00e9b\u00e9 qu\u2019est l\u2019observatoire des risques professionnels, au nom de tous les membres de la commission d\u00e9di\u00e9e \u00e0 sa mise en place, nos remerciements et notre gratitude vont \u00e0 l\u2019endroit de&nbsp;:<\/p>\n\n\n\n<ol class=\"wp-block-list\" type=\"1\"><li><strong>Madame le Ministre de la Sant\u00e9 et du D\u00e9veloppement Social<\/strong> pour avoir accept\u00e9 pr\u00e9sider la pr\u00e9sente c\u00e9r\u00e9monie malgr\u00e9 un agenda tr\u00e8s charg\u00e9. Vous t\u00e9moignez une fois de plus votre attachement \u00e0 la protection sociale en g\u00e9n\u00e9ral et au bien-\u00eatre au travail en particulier<\/li><\/ol>\n\n\n\n<p>Madame le Ministre, nos remerciements sont \u00e9galement adress\u00e9s \u00e0 vos diff\u00e9rentes structures d\u00e9concentr\u00e9es, j\u2019ai nomm\u00e9 la direction nationale de la sant\u00e9, les directions r\u00e9gionales, les h\u00f4pitaux et centres de sant\u00e9 de r\u00e9f\u00e9rence de Kayes, Sikasso et S\u00e9gou pour leur participation active aux diff\u00e9rents ateliers.<\/p>\n\n\n\n<ul class=\"wp-block-list\"><li><strong>Madame le Ministre du Travail de la Fonction publique et du Dialogue social<\/strong><\/li><\/ul>\n\n\n\n<p>Recevez nos remerciements pour votre pr\u00e9sence ici. L\u2019\u00e9laboration et l\u2019application de la r\u00e9glementation du travail qui sont de votre domaine ont pour objectif en partie de prot\u00e9ger le travailleur de toute alt\u00e9ration de son \u00e9tat de sant\u00e9 du fait de l\u2019exercice de son travail. Nos remerciements \u00e9galement vont \u00e9galement aux responsables de tous les services du travail (direction nationale du travail, les directions r\u00e9gionales du travail) pour leur participation active aux ateliers r\u00e9gionaux.<\/p>\n\n\n\n<ul class=\"wp-block-list\"><li><strong>Experts du BIT et de L\u2019IAPRP<\/strong><\/li><\/ul>\n\n\n\n<p>Recevez nos remerciements pour votre appui technique et multiforme.<\/p>\n\n\n\n<ul class=\"wp-block-list\"><li><strong>Autorit\u00e9s politiques, administratives et coutumi\u00e8res, Chers invit\u00e9s, participants ;<\/strong><\/li><\/ul>\n\n\n\n<p>Ce projet est le v\u00f4tre, votre participation et votre implication est la cl\u00e9 de r\u00e9ussite de ce projet<\/p>\n\n\n\n<p>Mesdames, Messieurs<\/p>\n\n\n\n<p>La mise en place de l\u2019observatoire survient dans un contexte particulier de la covid 19.<\/p>\n\n\n\n<p>Aussi on constate&nbsp;:<\/p>\n\n\n\n<p>L\u2019application timide de la r\u00e9glementation en mati\u00e8re de SST dans nos entreprises.<\/p>\n\n\n\n<p>Des comit\u00e9s d\u2019hygi\u00e8ne et de s\u00e9curit\u00e9 inexistants ou non fonctionnels<\/p>\n\n\n\n<p>Les services de sant\u00e9 au travail en entreprises ne sont pas souvent g\u00e9r\u00e9s par des professionnels de SST<\/p>\n\n\n\n<p>L\u2019absence de politique de gestion des risques professionnels dans la plupart de nos entreprises nationales<\/p>\n\n\n\n<p>L\u2019absence de plan de pr\u00e9vention des risques professionnels dans la plupart de nos entreprises<\/p>\n\n\n\n<p>Etc.,<\/p>\n\n\n\n<p>Mesdames, Messieurs<\/p>\n\n\n\n<p>Aussi la surveillance des expositions professionnelles et leurs potentiels impacts sur la sant\u00e9 est un enjeu majeur pour un d\u00e9veloppement socio-\u00e9conomique durable.<\/p>\n\n\n\n<p>Pour ce faire il convient d\u2019avoir des donn\u00e9es et indicateurs communs et partag\u00e9s<\/p>\n\n\n\n<p>C\u2019est pourquoi la Direction G\u00e9n\u00e9rale de l\u2019INPS, au regard des enjeux et de la volont\u00e9 des caisses de s\u00e9curit\u00e9 sociale de l\u2019espace inter &#8211; africain de la pr\u00e9voyance sociale&nbsp;; a d\u00e9cid\u00e9 de mettre en place un observatoire des risques professionnels au Mali.<\/p>\n\n\n\n<p>C\u2019est ainsi que par d\u00e9cision N 22-410\/DG-INPS\/CT-ZC du 18 mai 2022 fut cr\u00e9\u00e9e la commission charg\u00e9e des pr\u00e9paratifs de la mise en place de l\u2019Observatoire National des Risques Professionnels.<\/p>\n\n\n\n<p>La commission s\u2019est mise tr\u00e8s rapidement \u00e0 la t\u00e2che&nbsp;: Elle a r\u00e9dig\u00e9&nbsp;:<\/p>\n\n\n\n<ul class=\"wp-block-list\"><li>des termes de r\u00e9f\u00e9rence,<\/li><li>des lettres \u00e0 tous les acteurs ( tutelle, administration du travail, protection sociale, patronat, syndicat, etc.) pour solliciter l\u2019implication de tous \u00e0 ce projet,<\/li><li>une feuille de route (agenda des ateliers).<\/li><\/ul>\n\n\n\n<p>Plus de 15 r\u00e9unions ont \u00e9t\u00e9 tenues sans tenir compte des \u00e9changes interpersonnels, des consultations pour avis sur certaines questions.<\/p>\n\n\n\n<p>Les ateliers r\u00e9gionaux programm\u00e9s ont \u00e9t\u00e9 tenus.<\/p>\n\n\n\n<p>Mesdames, Messieurs<\/p>\n\n\n\n<p>Vous comprenez que notre volont\u00e9 est d\u2019aboutir \u00e0 un observatoire inclusif avec la participation de tous les acteurs dont l\u2019entreprise qui est le r\u00e9servoir des donn\u00e9es statistiques sera au c\u0153ur du dispositif.<\/p>\n\n\n\n<p>Il sera mis en place \u00e0 travers l\u2019observatoire un r\u00e9seau des partenaires en vue de garantir la collecte de donn\u00e9es fiables.<\/p>\n\n\n\n<p>Merci pour votre \u00e9coute attentive<\/p>\n\n\n\n<p>Dr Zepr\u00e9 Coulibaly<\/p>\n\n\n\n<p>CT-DG<\/p>\n","protected":false},"excerpt":{"rendered":"<p>Atelier national de mise en place de l\u2019observatoire des risques professionnels du Mali Bamako, le 21 Novembre 2022 Madame le Ministre de la Sant\u00e9 et du d\u00e9veloppement social Madame le&hellip;<\/p>\n","protected":false},"author":1,"featured_media":10168,"comment_status":"open","ping_status":"closed","sticky":false,"template":"","format":"standard","meta":{"content-type":"","_lmt_disableupdate":"","_lmt_disable":"","_jetpack_memberships_contains_paid_content":false,"footnotes":"","jetpack_publicize_message":"","jetpack_publicize_feature_enabled":true,"jetpack_social_post_already_shared":true,"jetpack_social_options":{"image_generator_settings":{"template":"highway","default_image_id":0,"font":"","enabled":false},"version":2}},"categories":[43,21],"tags":[],"class_list":["post-10167","post","type-post","status-publish","format-standard","has-post-thumbnail","hentry","category-nandi-info","category-societe"],"jetpack_publicize_connections":[],"featured_image_urls":{"full":"","thumbnail":"","medium":"","medium_large":"","large":"","1536x1536":"","2048x2048":"","penci-recipe-1200x1200":"","penci-recipe-1200x900":"","penci-recipe-1200x675":"","penci-single-full":"","penci-slider-full-thumb":"","penci-full-thumb":"","penci-slider-thumb":"","penci-magazine-slider":"","penci-thumb":"","penci-masonry-thumb":"","penci-thumb-square":"","penci-thumb-vertical":"","penci-thumb-small":""},"author_info":{"display_name":"Nandi","author_link":"https:\/\/nandi.info\/?author=1"},"category_info":"<a href=\"https:\/\/nandi.info\/?cat=43\" rel=\"category\">Nandi.info<\/a> <a href=\"https:\/\/nandi.info\/?cat=21\" rel=\"category\">Soci\u00e9t\u00e9<\/a>","tag_info":"Soci\u00e9t\u00e9","comment_count":"0","jetpack_featured_media_url":"","jetpack_sharing_enabled":true,"_links":{"self":[{"href":"https:\/\/nandi.info\/index.php?rest_route=\/wp\/v2\/posts\/10167","targetHints":{"allow":["GET"]}}],"collection":[{"href":"https:\/\/nandi.info\/index.php?rest_route=\/wp\/v2\/posts"}],"about":[{"href":"https:\/\/nandi.info\/index.php?rest_route=\/wp\/v2\/types\/post"}],"author":[{"embeddable":true,"href":"https:\/\/nandi.info\/index.php?rest_route=\/wp\/v2\/users\/1"}],"replies":[{"embeddable":true,"href":"https:\/\/nandi.info\/index.php?rest_route=%2Fwp%2Fv2%2Fcomments&post=10167"}],"version-history":[{"count":0,"href":"https:\/\/nandi.info\/index.php?rest_route=\/wp\/v2\/posts\/10167\/revisions"}],"wp:featuredmedia":[{"embeddable":true,"href":"https:\/\/nandi.info\/index.php?rest_route=\/"}],"wp:attachment":[{"href":"https:\/\/nandi.info\/index.php?rest_route=%2Fwp%2Fv2%2Fmedia&parent=10167"}],"wp:term":[{"taxonomy":"category","embeddable":true,"href":"https:\/\/nandi.info\/index.php?rest_route=%2Fwp%2Fv2%2Fcategories&post=10167"},{"taxonomy":"post_tag","embeddable":true,"href":"https:\/\/nandi.info\/index.php?rest_route=%2Fwp%2Fv2%2Ftags&post=10167"}],"curies":[{"name":"wp","href":"https:\/\/api.w.org\/{rel}","templated":true}]}}