{"id":10152,"date":"2022-11-22T15:49:14","date_gmt":"2022-11-22T14:49:14","guid":{"rendered":"https:\/\/nandi.info\/?p=10152"},"modified":"2022-11-22T15:49:14","modified_gmt":"2022-11-22T14:49:14","slug":"presentation-des-lettres-de-creance-de-cinq-nouveaux-ambassadeurs","status":"publish","type":"post","link":"https:\/\/nandi.info\/?p=10152","title":{"rendered":"Pr\u00e9sentation des lettres de cr\u00e9ance de cinq nouveaux ambassadeurs"},"content":{"rendered":"\n<p class=\"has-drop-cap\">Son Excellence le Colonel Assimi GO\u00cfTA, Pr\u00e9sident de la Transition, Chef de l\u2019\u00c9tat, a accueilli, ce mardi 22 novembre 2022, cinq nouveaux ambassadeurs d\u00e9sign\u00e9s aupr\u00e8s de la R\u00e9publique du Mali. C\u2019\u00e9tait au cours d\u2019une c\u00e9r\u00e9monie officielle de pr\u00e9sentation de lettres de cr\u00e9ance, tenue dans la salle des banquets, au Palais de Koulouba.<\/p>\n\n\n\n<p>SE Dindin WAHYUDIN, Ambassadeur agr\u00e9\u00e9 de la R\u00e9publique d\u2019Indon\u00e9sie ; SE JI Joon KIM, Ambassadeur agr\u00e9e de la R\u00e9publique de Cor\u00e9e ; SE Rumen PETROV, Ambassadeur d\u00e9sign\u00e9 de la R\u00e9publique de Bulgarie ; SE Muhammad TARIQ, Ambassadeur d\u00e9sign\u00e9 de la R\u00e9publique islamique du Pakistan et SE Efthymios Georges COSTOPOULOS, Ambassadeur agr\u00e9e de la R\u00e9publique hell\u00e9nique (Gr\u00e8ce), ont, \u00e0 tour de r\u00f4le, pr\u00e9sent\u00e9 leurs lettres de cr\u00e9ance au Pr\u00e9sident de la Transition.<\/p>\n\n\n\n<figure class=\"wp-block-image size-large\"><img decoding=\"async\" src=\"https:\/\/nandi.info\/wp-content\/uploads\/2022\/11\/assimi-diplomatie-2-1024x673.jpg\" alt=\"\" class=\"wp-image-10153\"\/><\/figure>\n\n\n\n<p>Ces nouveaux repr\u00e9sentants diplomatiques vont d\u00e9sormais travailler au renforcement de la coop\u00e9ration entre le Mali et leur pays respectif, dans plusieurs secteurs.<\/p>\n\n\n\n<p>Koulouba | 22 novembre 2022 | <a href=\"https:\/\/www.facebook.com\/hashtag\/diplomatie?__eep__=6&amp;__cft__%5b0%5d=AZW8zWmENNYai8rfq8OfO5YxTa66jB9WaHeIujzLhFrp3TCN8vco40zXiCZqokD6ipcW81RcA97JIHyeP-80WRGKDDrphTXgdHdRwx8KCakXIdkJa9PWSJqNpFiNKYy-QNN-zPDlxgMCoA7kYLZ_ty0iK4qA8PwZQ9frLngHtMB_QlblKHJp3GQ7kuEIG5jNGAQ&amp;__tn__=*NK-R\">#Diplomatie<\/a><\/p>\n\n\n\n<figure class=\"wp-block-embed\"><div class=\"wp-block-embed__wrapper\">\nhttps:\/\/www.facebook.com\/Presidence.Mali\n<\/div><\/figure>\n","protected":false},"excerpt":{"rendered":"<p>Son Excellence le Colonel Assimi GO\u00cfTA, Pr\u00e9sident de la Transition, Chef de l\u2019\u00c9tat, a accueilli, ce mardi 22 novembre 2022, cinq nouveaux ambassadeurs d\u00e9sign\u00e9s aupr\u00e8s de la R\u00e9publique du Mali.&hellip;<\/p>\n","protected":false},"author":1,"featured_media":10154,"comment_status":"open","ping_status":"closed","sticky":false,"template":"","format":"standard","meta":{"content-type":"","_lmt_disableupdate":"","_lmt_disable":"","_jetpack_memberships_contains_paid_content":false,"footnotes":"","jetpack_publicize_message":"","jetpack_publicize_feature_enabled":true,"jetpack_social_post_already_shared":true,"jetpack_social_options":{"image_generator_settings":{"template":"highway","default_image_id":0,"font":"","enabled":false},"version":2}},"categories":[105,43,23],"tags":[],"class_list":["post-10152","post","type-post","status-publish","format-standard","has-post-thumbnail","hentry","category-diplomatie","category-nandi-info","category-politique"],"jetpack_publicize_connections":[],"featured_image_urls":{"full":"","thumbnail":"","medium":"","medium_large":"","large":"","1536x1536":"","2048x2048":"","penci-recipe-1200x1200":"","penci-recipe-1200x900":"","penci-recipe-1200x675":"","penci-single-full":"","penci-slider-full-thumb":"","penci-full-thumb":"","penci-slider-thumb":"","penci-magazine-slider":"","penci-thumb":"","penci-masonry-thumb":"","penci-thumb-square":"","penci-thumb-vertical":"","penci-thumb-small":""},"author_info":{"display_name":"Nandi","author_link":"https:\/\/nandi.info\/?author=1"},"category_info":"<a href=\"https:\/\/nandi.info\/?cat=105\" rel=\"category\">Diplomatie<\/a> <a href=\"https:\/\/nandi.info\/?cat=43\" rel=\"category\">Nandi.info<\/a> <a href=\"https:\/\/nandi.info\/?cat=23\" rel=\"category\">Politique<\/a>","tag_info":"Politique","comment_count":"0","jetpack_featured_media_url":"","jetpack_sharing_enabled":true,"_links":{"self":[{"href":"https:\/\/nandi.info\/index.php?rest_route=\/wp\/v2\/posts\/10152","targetHints":{"allow":["GET"]}}],"collection":[{"href":"https:\/\/nandi.info\/index.php?rest_route=\/wp\/v2\/posts"}],"about":[{"href":"https:\/\/nandi.info\/index.php?rest_route=\/wp\/v2\/types\/post"}],"author":[{"embeddable":true,"href":"https:\/\/nandi.info\/index.php?rest_route=\/wp\/v2\/users\/1"}],"replies":[{"embeddable":true,"href":"https:\/\/nandi.info\/index.php?rest_route=%2Fwp%2Fv2%2Fcomments&post=10152"}],"version-history":[{"count":0,"href":"https:\/\/nandi.info\/index.php?rest_route=\/wp\/v2\/posts\/10152\/revisions"}],"wp:featuredmedia":[{"embeddable":true,"href":"https:\/\/nandi.info\/index.php?rest_route=\/"}],"wp:attachment":[{"href":"https:\/\/nandi.info\/index.php?rest_route=%2Fwp%2Fv2%2Fmedia&parent=10152"}],"wp:term":[{"taxonomy":"category","embeddable":true,"href":"https:\/\/nandi.info\/index.php?rest_route=%2Fwp%2Fv2%2Fcategories&post=10152"},{"taxonomy":"post_tag","embeddable":true,"href":"https:\/\/nandi.info\/index.php?rest_route=%2Fwp%2Fv2%2Ftags&post=10152"}],"curies":[{"name":"wp","href":"https:\/\/api.w.org\/{rel}","templated":true}]}}