{"id":10150,"date":"2022-11-21T15:20:00","date_gmt":"2022-11-21T14:20:00","guid":{"rendered":"https:\/\/nandi.info\/?p=10150"},"modified":"2022-11-21T15:20:00","modified_gmt":"2022-11-21T14:20:00","slug":"lelaboration-de-la-strategie-frontaliere-du-mali-se-poursuit-pour-appuyer-lelaboration-de-cette-strategie-la-minusma-a-debourse-582-millions-de-francs-cfa","status":"publish","type":"post","link":"https:\/\/nandi.info\/?p=10150","title":{"rendered":"L\u2019\u00e9laboration de la strat\u00e9gie frontali\u00e8re du Mali se poursuit : Pour appuyer l\u2019\u00e9laboration de cette strat\u00e9gie, la MINUSMA a d\u00e9bours\u00e9 58,2 millions de francs CFA"},"content":{"rendered":"\n<p class=\"has-drop-cap\">Afin de renforcer les synergies et les m\u00e9canismes de coordination entre les autorit\u00e9s et les populations locales, ainsi que les forces de d\u00e9fense et de s\u00e9curit\u00e9, dans la gestion des espaces frontaliers, du 3 au 4 novembre 2022, la Direction Nationale des Fronti\u00e8res (DNF) a organis\u00e9 \u00e0 Kati (r\u00e9gion de Koulikoro), un atelier de validation technique du projet de la Strat\u00e9gie de S\u00e9curisation des espaces frontaliers. Celui-ci a \u00e9t\u00e9 examin\u00e9 et amend\u00e9 par les experts nationaux relevant des diff\u00e9rents d\u00e9partements minist\u00e9riels concern\u00e9s, membres de la Commission de Pilotage et d\u2019Orientation de l\u2019Elaboration de ladite strat\u00e9gie. La version valid\u00e9e de cette strat\u00e9gie sera ensuite pr\u00e9sent\u00e9e au conseil des ministres pour son adoption puis sa promulgation par d\u00e9cret pr\u00e9sidentiel.<\/p>\n\n\n\n<p>La MINUSMA \u00e0 travers la section de la R\u00e9forme du Secteur de la S\u00e9curit\u00e9, du D\u00e9sarmement, de la D\u00e9mobilisation et de la R\u00e9insertion (RSS-DDR) et son unit\u00e9 d\u2019Appui \u00e0 la Gestion des Fronti\u00e8res et \u00e0 la lutte contre la prolif\u00e9ration des armes l\u00e9g\u00e8res et de petits calibres, a particip\u00e9 \u00e0 ces travaux dont l\u2019objectif principal est de cr\u00e9er un environnement favorable pour toutes les parties prenantes. Pour appuyer l\u2019\u00e9laboration de cette strat\u00e9gie, la MINUSMA a d\u00e9bours\u00e9 58,2 millions de francs CFA.<\/p>\n\n\n\n<p>Par cette pr\u00e9sence, elle r\u00e9it\u00e8re sa disponibilit\u00e9 \u00e0 accompagner la Direction Nationale des Fronti\u00e8res dans l\u2019\u00e9laboration de la strat\u00e9gie sectorielle des fronti\u00e8res d\u2019une part et d\u2019autre part, contribue \u00e0 la mise en \u0153uvre de cette strat\u00e9gie aupr\u00e8s de l\u2019ensemble des habitants du Mali.<\/p>\n\n\n\n<p><strong>La RSS, la gestion des fronti\u00e8res\u2026 quels enjeux ?<\/strong><\/p>\n\n\n\n<p>Le processus de la RSS est l\u2019un des domaines d\u2019interventions cl\u00e9s contribuant \u00e0 la s\u00e9curit\u00e9, la paix et d\u00e9veloppement au Mali. Sa mise en \u0153uvre s\u2019articule autour du renforcement des capacit\u00e9s institutionnelles et humaines des diff\u00e9rents d\u00e9partements minist\u00e9riels impliqu\u00e9s. La gestion des fronti\u00e8res, la lutte contre la prolif\u00e9ration des armes l\u00e9g\u00e8res et de petits calibres, les trafics transfrontaliers ill\u00e9gaux de migrants et de ressources naturelles, sont autant de questions transversales et interconnect\u00e9es qui n\u00e9cessite la mise en \u0153uvre d\u2019une strat\u00e9gie efficace et efficiente, afin d\u2019assurer une R\u00e9forme du Secteur de la S\u00e9curit\u00e9 inclusive et holistique.<\/p>\n\n\n\n<p>La Strat\u00e9gie Nationale de R\u00e9forme du Secteur de la S\u00e9curit\u00e9 a \u00e9t\u00e9 adopt\u00e9e en 2018 en conseil des ministres et promulgu\u00e9e en avril 2022 par l\u2019Etat malien. Elle recommande aux diff\u00e9rents d\u00e9partements minist\u00e9riels d\u2019\u00e9laborer leurs politiques et leurs strat\u00e9gies sectorielles respectives, en les inscrivant dans la vision nationale de la r\u00e9forme institutionnelle globale du secteur de la s\u00e9curit\u00e9. Le minist\u00e8re de l\u2019Administration territorial et de la D\u00e9centralisation (MATD) disposant d\u00e9j\u00e0 d\u2019une politique nationale des fronti\u00e8res, relue et adopt\u00e9e le 18 mars 2018, \u00e0 travers la DNF, a b\u00e9n\u00e9fici\u00e9 d\u2019un nouvel appui technique et financier de la MINUSMA. Ce soutien lui a permis de d\u00e9marrer en 2021, l\u2019\u00e9laboration de la strat\u00e9gie sectorielle des fronti\u00e8res, autrement intitul\u00e9e \u00ab strat\u00e9gie de s\u00e9curisation des espaces frontaliers \u00bb.<\/p>\n\n\n\n<p><strong>SOURCE : MINUSMA<\/strong><\/p>\n","protected":false},"excerpt":{"rendered":"<p>Afin de renforcer les synergies et les m\u00e9canismes de coordination entre les autorit\u00e9s et les populations locales, ainsi que les forces de d\u00e9fense et de s\u00e9curit\u00e9, dans la gestion des&hellip;<\/p>\n","protected":false},"author":1,"featured_media":8264,"comment_status":"open","ping_status":"closed","sticky":false,"template":"","format":"standard","meta":{"content-type":"","_lmt_disableupdate":"","_lmt_disable":"","_jetpack_memberships_contains_paid_content":false,"footnotes":"","jetpack_publicize_message":"","jetpack_publicize_feature_enabled":true,"jetpack_social_post_already_shared":true,"jetpack_social_options":{"image_generator_settings":{"template":"highway","default_image_id":0,"font":"","enabled":false},"version":2}},"categories":[69,21],"tags":[],"class_list":["post-10150","post","type-post","status-publish","format-standard","has-post-thumbnail","hentry","category-le-republicain-mali","category-societe"],"jetpack_publicize_connections":[],"featured_image_urls":{"full":"","thumbnail":"","medium":"","medium_large":"","large":"","1536x1536":"","2048x2048":"","penci-recipe-1200x1200":"","penci-recipe-1200x900":"","penci-recipe-1200x675":"","penci-single-full":"","penci-slider-full-thumb":"","penci-full-thumb":"","penci-slider-thumb":"","penci-magazine-slider":"","penci-thumb":"","penci-masonry-thumb":"","penci-thumb-square":"","penci-thumb-vertical":"","penci-thumb-small":""},"author_info":{"display_name":"Nandi","author_link":"https:\/\/nandi.info\/?author=1"},"category_info":"<a href=\"https:\/\/nandi.info\/?cat=69\" rel=\"category\">Le R\u00e9publicain Mali<\/a> <a href=\"https:\/\/nandi.info\/?cat=21\" rel=\"category\">Soci\u00e9t\u00e9<\/a>","tag_info":"Soci\u00e9t\u00e9","comment_count":"0","jetpack_featured_media_url":"","jetpack_sharing_enabled":true,"_links":{"self":[{"href":"https:\/\/nandi.info\/index.php?rest_route=\/wp\/v2\/posts\/10150","targetHints":{"allow":["GET"]}}],"collection":[{"href":"https:\/\/nandi.info\/index.php?rest_route=\/wp\/v2\/posts"}],"about":[{"href":"https:\/\/nandi.info\/index.php?rest_route=\/wp\/v2\/types\/post"}],"author":[{"embeddable":true,"href":"https:\/\/nandi.info\/index.php?rest_route=\/wp\/v2\/users\/1"}],"replies":[{"embeddable":true,"href":"https:\/\/nandi.info\/index.php?rest_route=%2Fwp%2Fv2%2Fcomments&post=10150"}],"version-history":[{"count":0,"href":"https:\/\/nandi.info\/index.php?rest_route=\/wp\/v2\/posts\/10150\/revisions"}],"wp:featuredmedia":[{"embeddable":true,"href":"https:\/\/nandi.info\/index.php?rest_route=\/"}],"wp:attachment":[{"href":"https:\/\/nandi.info\/index.php?rest_route=%2Fwp%2Fv2%2Fmedia&parent=10150"}],"wp:term":[{"taxonomy":"category","embeddable":true,"href":"https:\/\/nandi.info\/index.php?rest_route=%2Fwp%2Fv2%2Fcategories&post=10150"},{"taxonomy":"post_tag","embeddable":true,"href":"https:\/\/nandi.info\/index.php?rest_route=%2Fwp%2Fv2%2Ftags&post=10150"}],"curies":[{"name":"wp","href":"https:\/\/api.w.org\/{rel}","templated":true}]}}