{"id":10143,"date":"2022-11-22T14:58:10","date_gmt":"2022-11-22T13:58:10","guid":{"rendered":"https:\/\/nandi.info\/?p=10143"},"modified":"2022-11-22T14:58:10","modified_gmt":"2022-11-22T13:58:10","slug":"rediffusion-du-film-taane-de-alioune-ifra-ndiaye","status":"publish","type":"post","link":"https:\/\/nandi.info\/?p=10143","title":{"rendered":"Rediffusion du film \u00ab TAANE \u00bb de Alioune Ifra N\u2019Diaye"},"content":{"rendered":"\n<p><strong>Apr\u00e8s la sortie en grand public du film \u00ab TANNE\u00bb de Alioune Ifra N\u2019Diaye, le 26 mars 2022 dernier au Centre international des conf\u00e9rences de Bamako (CICB), sa rediffusion a \u00e9t\u00e9 faite, le samedi 12 novembre 2022 toujours au CICB. On y notait la pr\u00e9sence de plusieurs acteurs du cin\u00e9ma et les spectateurs venus nombreux.<\/strong><\/p>\n\n\n\n<p class=\"has-drop-cap\">Tr\u00e8s enthousiastes, les uns et les autres ont laiss\u00e9 entendre des t\u00e9moignages. C\u2019est le cas de Cheick Oumar Diallo, pr\u00e9sident du conseil d\u2019administration du fonds d\u2019aide malien. Selon lui, c\u2019est un formidable film qui vient de magnifier la culture malienne et qui montre comment est-ce que la modernit\u00e9 et nos traditions peuvent aller ensemble, r\u00e9ussir \u00e0 coexister dans ce 21\u00e8me si\u00e8cle dans lequel on a souvent l\u2019impression de penser que tout est difficile au Mali. Il trouve que c\u2019est une touche de mot, de joie et d\u2019espoir \u00ab ce qu\u2019on a vu ce soir dans ce film r\u00e9alis\u00e9 par Alioune Ifra Ndiaye \u00bb. A la fin de son intervention, il a invit\u00e9 les uns et les autres \u00e0 continuer \u00e0 soutenir le monde de l\u2019art pour que les nouvelles couleurs permettent \u00e0 notre pays de retrouver de l\u2019espoir.<\/p>\n\n\n\n<p>Souleymane Satigui Sidib\u00e9, ancien pr\u00e9sident du conseil national de la jeunesse(CNJ), se dit tr\u00e8s surpris de voir cette production 100% malienne et soutenue par les entreprises maliennes. Pour lui, c\u2019est un film qui donne des conseils, qui rappelle surtout \u00e0 notre g\u00e9n\u00e9ration la coexistence pacifique entre les religions, entre les communaut\u00e9s, entre les g\u00e9n\u00e9rations. Il a ajout\u00e9 que \u00ab nous avons assist\u00e9 \u00e0 un film qui parle de la question inter- g\u00e9n\u00e9rationnelle, de la collaboration inter- religieuse et de la tradition de notre pays \u00bb. Enfin, il trouve que c\u2019est un coup de divertissement qui sert de le\u00e7on dont le producteur m\u00e9rite d\u2019\u00eatre f\u00e9licit\u00e9.<\/p>\n\n\n\n<p>\u00ab TAANE \u00bb raconte l\u2019histoire d\u2019une brave dame connaissant bien ses droits et devoirs dans la ville de S\u00e9lingu\u00e9 dont le fils tombe amoureux de la fille unique de \u00ab Monsieur aigri \u00bb. Ce dernier s\u2019opposa \u00e0 l\u2019union de ces deux amoureux, sous pr\u00e9texte que le gar\u00e7on est un handicap\u00e9. Contre vents et mar\u00e9es, Tanne parvint \u00e0 percer le myst\u00e8re et mit tout en \u0153uvre pour que Foussyni et Ze\u00efna se marient. Ce qui fut fait, au grand bonheur de tous.<\/p>\n\n\n\n<p>BST<\/p>\n","protected":false},"excerpt":{"rendered":"<p>Apr\u00e8s la sortie en grand public du film \u00ab TANNE\u00bb de Alioune Ifra N\u2019Diaye, le 26 mars 2022 dernier au Centre international des conf\u00e9rences de Bamako (CICB), sa rediffusion a&hellip;<\/p>\n","protected":false},"author":1,"featured_media":10144,"comment_status":"open","ping_status":"closed","sticky":false,"template":"","format":"standard","meta":{"content-type":"","_lmt_disableupdate":"","_lmt_disable":"","_jetpack_memberships_contains_paid_content":false,"footnotes":"","jetpack_publicize_message":"","jetpack_publicize_feature_enabled":true,"jetpack_social_post_already_shared":true,"jetpack_social_options":{"image_generator_settings":{"template":"highway","default_image_id":0,"font":"","enabled":false},"version":2}},"categories":[69,32],"tags":[],"class_list":["post-10143","post","type-post","status-publish","format-standard","has-post-thumbnail","hentry","category-le-republicain-mali","category-musique-art-et-culture"],"jetpack_publicize_connections":[],"featured_image_urls":{"full":"","thumbnail":"","medium":"","medium_large":"","large":"","1536x1536":"","2048x2048":"","penci-recipe-1200x1200":"","penci-recipe-1200x900":"","penci-recipe-1200x675":"","penci-single-full":"","penci-slider-full-thumb":"","penci-full-thumb":"","penci-slider-thumb":"","penci-magazine-slider":"","penci-thumb":"","penci-masonry-thumb":"","penci-thumb-square":"","penci-thumb-vertical":"","penci-thumb-small":""},"author_info":{"display_name":"Nandi","author_link":"https:\/\/nandi.info\/?author=1"},"category_info":"<a href=\"https:\/\/nandi.info\/?cat=69\" rel=\"category\">Le R\u00e9publicain Mali<\/a> <a href=\"https:\/\/nandi.info\/?cat=32\" rel=\"category\">Musique Art et Culture<\/a>","tag_info":"Musique Art et Culture","comment_count":"0","jetpack_featured_media_url":"","jetpack_sharing_enabled":true,"_links":{"self":[{"href":"https:\/\/nandi.info\/index.php?rest_route=\/wp\/v2\/posts\/10143","targetHints":{"allow":["GET"]}}],"collection":[{"href":"https:\/\/nandi.info\/index.php?rest_route=\/wp\/v2\/posts"}],"about":[{"href":"https:\/\/nandi.info\/index.php?rest_route=\/wp\/v2\/types\/post"}],"author":[{"embeddable":true,"href":"https:\/\/nandi.info\/index.php?rest_route=\/wp\/v2\/users\/1"}],"replies":[{"embeddable":true,"href":"https:\/\/nandi.info\/index.php?rest_route=%2Fwp%2Fv2%2Fcomments&post=10143"}],"version-history":[{"count":0,"href":"https:\/\/nandi.info\/index.php?rest_route=\/wp\/v2\/posts\/10143\/revisions"}],"wp:featuredmedia":[{"embeddable":true,"href":"https:\/\/nandi.info\/index.php?rest_route=\/"}],"wp:attachment":[{"href":"https:\/\/nandi.info\/index.php?rest_route=%2Fwp%2Fv2%2Fmedia&parent=10143"}],"wp:term":[{"taxonomy":"category","embeddable":true,"href":"https:\/\/nandi.info\/index.php?rest_route=%2Fwp%2Fv2%2Fcategories&post=10143"},{"taxonomy":"post_tag","embeddable":true,"href":"https:\/\/nandi.info\/index.php?rest_route=%2Fwp%2Fv2%2Ftags&post=10143"}],"curies":[{"name":"wp","href":"https:\/\/api.w.org\/{rel}","templated":true}]}}