{"id":10124,"date":"2022-11-22T10:35:04","date_gmt":"2022-11-22T09:35:04","guid":{"rendered":"https:\/\/nandi.info\/?p=10124"},"modified":"2022-11-22T10:35:04","modified_gmt":"2022-11-22T09:35:04","slug":"respect-des-droits-des-filles-les-filles-de-dionkala-interpellent-leurs-autorites","status":"publish","type":"post","link":"https:\/\/nandi.info\/?p=10124","title":{"rendered":"<strong>Respect des droits des filles&nbsp;: Les filles de Dionkala interpellent leurs autorit\u00e9s<\/strong>"},"content":{"rendered":"\n<p><strong><em>Le 29 octobre 2022, World Vision Mali cluster de Koutiala, en collaboration avec les populations de Dionkala, a organis\u00e9 la Journ\u00e9e internationale de la fille dans la commune rurale de Di\u00e9dougou. Cette journ\u00e9e d\u2019information et de sensibilisation a \u00e9t\u00e9 une occasion pour les filles d&rsquo;interpeller les d\u00e9cideurs et autorit\u00e9s de leurs localit\u00e9s sur le respect de leurs droits.<\/em><\/strong><\/p>\n\n\n\n<p class=\"has-drop-cap\">Institu\u00e9e par l&rsquo;assembl\u00e9e g\u00e9n\u00e9rale des Nations unies le 19 d\u00e9cembre 2011 dans sa r\u00e9solution n\u207060\/170, la date du 11 octobre a \u00e9t\u00e9 fix\u00e9e comme la Journ\u00e9e internationale de la fille (JIFi). Le but est de soutenir l&rsquo;am\u00e9lioration des perspectives d&rsquo;avenir des jeunes filles et de sensibiliser l&rsquo;opinion sur les in\u00e9galit\u00e9s dont celles-ci souffrent \u00e0 travers le monde en raison de leur genre.<\/p>\n\n\n\n<p>Et pour cette 10<sup>\u00e8me<\/sup> \u00e9dition de la JIFi, le th\u00e8me national est: \u00ab&nbsp;Participation des filles dans la promotion de leurs droits&nbsp;\u00bb.&nbsp; Ainsi, World Vision Mali, en collaboration avec la Direction nationale de la Promotion de l&rsquo;Enfant et de la Famille (DNPEF), a mis \u00e0 profit la c\u00e9l\u00e9bration de cette journ\u00e9e pour inviter les d\u00e9cideurs, les politiques, les leaders communautaires et le staff de World Vision Mali \u00e0 \u0153uvrer pour le respect des droits des enfants en g\u00e9n\u00e9ral et ceux des filles en particulier.<\/p>\n\n\n\n<p>Au total, environ 79 jeunes filles de Dionkala ont pris part \u00e0 cette \u00e9dition 2022 de la Journ\u00e9e internationale de la fille au cluster de Koutiala. Ainsi, cette journ\u00e9e a donc \u00e9t\u00e9 un espace d\u2019\u00e9changes, de sensibilisation, d\u2019information et d\u2019orientation sur la n\u00e9cessit\u00e9 du respect des droits des filles. Plac\u00e9e sous la pr\u00e9sidence du sous-pr\u00e9fet de l&rsquo;arrondissement de Konseguela, cette journ\u00e9e s\u2019est d\u00e9roul\u00e9e en pr\u00e9sence de toutes les autorit\u00e9s locales de la commune rurale de Diedougou et Konina.<\/p>\n\n\n\n<p>Qui mieux que les filles pour exprimer leur volont\u00e9 en mati\u00e8re de respect de leurs droits. Dans la commune rurale de Diedougou, \u00e0 Dionkala AP (Area Programm), une \u00e9tape importante a \u00e9t\u00e9 franchie dans le cadre du respect des droits de la fille. Devant des centaines de personnes dont les chefs de village, les leaders religieux, les \u00e9lus locaux, les repr\u00e9sentants des services techniques et ceux des organisations f\u00e9minines et de la jeunesse, les filles de Dionkala ne sont pas pass\u00e9es par mille chemins pour se faire entendre.<\/p>\n\n\n\n<p>Les festivit\u00e9s de cette journ\u00e9e ont d\u2019abord d\u00e9but\u00e9 par l\u2019intervention du repr\u00e9sentant des chefs de village de la commune rurale de Diedougou et Dionkala Siaka Mall\u00e9 qui a exhort\u00e9 les autres chefs de village \u00e0 ne plus accepter que l\u2019avenir des filles soit pi\u00e9tin\u00e9. A sa suite, la repr\u00e9sentante du sous-pr\u00e9fet de l&rsquo;arrondissement de Konseguela, Mme Diallo A\u00efssata Dicko, a salu\u00e9 toutes les personnes impliqu\u00e9es pour la r\u00e9ussite de cette journ\u00e9e. Elle a \u00e9galement fait savoir que la protection et le respect des droits des filles est une n\u00e9cessit\u00e9 absolue pour le d\u00e9veloppement de nos hameaux, villages et communes et du pays en g\u00e9n\u00e9ral. Elle a conclu en interpellant tous les chefs de village, leaders religieux et \u00e9lus locaux \u00e0 ne m\u00e9nager aucun effort pour faire respecter les droits des filles dans leurs localit\u00e9s.<\/p>\n\n\n\n<p>Quant au manager du cluster de Koutiala, Jacob Dougnon, il a soulign\u00e9 qu&rsquo;il s&rsquo;agit d&rsquo;une journ\u00e9e d\u00e9di\u00e9e \u00e0 la promotion et au respect des droits filles. \u00c0 l&rsquo;en croire, toutes les statistiques ont montr\u00e9 que les filles sont marginalis\u00e9es et leurs droits ne sont pas respect\u00e9s. Ainsi, la communaut\u00e9 internationale a d\u00e9cid\u00e9 de choisir le 11 octobre de chaque ann\u00e9e comme journ\u00e9e internationale de la fille. Le manager dira : \u00ab&nbsp;C&rsquo;est une premi\u00e8re \u00e9dition pour notre cluster, et nous esp\u00e9rons qu&rsquo;avec l&rsquo;appui de toutes les autorit\u00e9s locales (chef de village, maires, leaders religieux, repr\u00e9sentants des services techniques, organisations f\u00e9minines) chacun s&rsquo;implique dans la promotion des droits des filles. Et nous esp\u00e9rons aussi que chacun de nous parviendra \u00e0 c\u00e9l\u00e9brer chaque ann\u00e9e cette journ\u00e9e dans sa localit\u00e9. Les messages cl\u00e9s de cette journ\u00e9e sont entre autres: les cons\u00e9quences de la non scolarisation des filles, la d\u00e9scolarisation, le mariage pr\u00e9coce ou forc\u00e9, les violences physiques ou mentales des filles, etc.&nbsp;\u00bb<\/p>\n\n\n\n<p>Prenant la parole au nom des deux communes de Dionkala, Sounkalo Mall\u00e9, maire de la commune rurale de Diedougou, a affirm\u00e9 que l&rsquo;objectif recherch\u00e9 \u00e0 travers cette journ\u00e9e est un d\u00e9fi collectif pour toute la population de sa commune et celle de Konina. Il s&rsquo;agit pour eux (populations de Dionkala) de faire en sorte que les droits des filles ne soient plus viol\u00e9s au profit d&rsquo;int\u00e9r\u00eat particulier.<\/p>\n\n\n\n<p>Accueillie par une standing ovation, la porte-parole des filles de Dionkala a soulign\u00e9 que depuis 2012, la Journ\u00e9e internationale de la fille est c\u00e9l\u00e9br\u00e9e dans notre pays pour mettre en lumi\u00e8re leurs besoins r\u00e9els et d\u00e9velopper des r\u00e9ponses appropri\u00e9es de l&rsquo;\u00e9galit\u00e9 entre les filles et gar\u00e7ons de jouir de leurs droits. \u00ab&nbsp;Le th\u00e8me national de cette 10<sup>\u00e8me<\/sup> \u00e9dition permet d&rsquo;examiner les progr\u00e8s d&rsquo;autonomisation et de participation des filles \u00e0 prendre des d\u00e9cisions et identifier les d\u00e9fis pour orienter l&rsquo;engagement des d\u00e9cideurs vers la protection des droits des filles. Les filles sont des forces motrices pour le d\u00e9veloppement de nos familles, nos communaut\u00e9s et de notre pays, le Malikoura. Nous, filles de Dionkala, demandons \u00e0 nos chefs de famille, chefs de village et maires de mettre fin au mariage des enfants, de promouvoir la scolarisation des filles, de lutter contre les violences bas\u00e9es sur le genre, de soigner les enfants quand ils sont malades, de bannir le travail des enfants, de permettre aux filles d\u2019\u00eatre \u00e9cout\u00e9es et de s\u2019exprimer et enfin lutter contre le harc\u00e8lement en milieu scolaire. Nous remercions World Vision Mali pour son combat et son engagement quotidien pour notre communaut\u00e9&nbsp;\u00bb, a-t-elle conclu.<\/p>\n\n\n\n<p>Quant \u00e0 Dany N\u2019Daw, repr\u00e9sentante du service local de la promotion de la femme, de l&rsquo;enfant et de la famille de Koutiala, elle a non seulement expliqu\u00e9 l&rsquo;importance de la scolarisation des filles, mais aussi les cons\u00e9quences li\u00e9es au mariage pr\u00e9coce ou forc\u00e9 dont les filles sont g\u00e9n\u00e9ralement victimes. &nbsp;.<\/p>\n\n\n\n<p><strong>Seydou SANGARE<\/strong><\/p>\n\n\n\n<p><strong>La preuve<\/strong><\/p>\n","protected":false},"excerpt":{"rendered":"<p>Le 29 octobre 2022, World Vision Mali cluster de Koutiala, en collaboration avec les populations de Dionkala, a organis\u00e9 la Journ\u00e9e internationale de la fille dans la commune rurale de&hellip;<\/p>\n","protected":false},"author":1,"featured_media":0,"comment_status":"open","ping_status":"closed","sticky":false,"template":"","format":"standard","meta":{"content-type":"","_lmt_disableupdate":"","_lmt_disable":"","_jetpack_memberships_contains_paid_content":false,"footnotes":"","jetpack_publicize_message":"","jetpack_publicize_feature_enabled":true,"jetpack_social_post_already_shared":true,"jetpack_social_options":{"image_generator_settings":{"template":"highway","default_image_id":0,"font":"","enabled":false},"version":2}},"categories":[27,77],"tags":[],"class_list":["post-10124","post","type-post","status-publish","format-standard","hentry","category-femmes","category-la-preuve"],"jetpack_publicize_connections":[],"featured_image_urls":{"full":"","thumbnail":"","medium":"","medium_large":"","large":"","1536x1536":"","2048x2048":"","penci-recipe-1200x1200":"","penci-recipe-1200x900":"","penci-recipe-1200x675":"","penci-single-full":"","penci-slider-full-thumb":"","penci-full-thumb":"","penci-slider-thumb":"","penci-magazine-slider":"","penci-thumb":"","penci-masonry-thumb":"","penci-thumb-square":"","penci-thumb-vertical":"","penci-thumb-small":""},"author_info":{"display_name":"Nandi","author_link":"https:\/\/nandi.info\/?author=1"},"category_info":"<a href=\"https:\/\/nandi.info\/?cat=27\" rel=\"category\">Femmes<\/a> <a href=\"https:\/\/nandi.info\/?cat=77\" rel=\"category\">La preuve<\/a>","tag_info":"La preuve","comment_count":"0","jetpack_featured_media_url":"","jetpack_sharing_enabled":true,"_links":{"self":[{"href":"https:\/\/nandi.info\/index.php?rest_route=\/wp\/v2\/posts\/10124","targetHints":{"allow":["GET"]}}],"collection":[{"href":"https:\/\/nandi.info\/index.php?rest_route=\/wp\/v2\/posts"}],"about":[{"href":"https:\/\/nandi.info\/index.php?rest_route=\/wp\/v2\/types\/post"}],"author":[{"embeddable":true,"href":"https:\/\/nandi.info\/index.php?rest_route=\/wp\/v2\/users\/1"}],"replies":[{"embeddable":true,"href":"https:\/\/nandi.info\/index.php?rest_route=%2Fwp%2Fv2%2Fcomments&post=10124"}],"version-history":[{"count":0,"href":"https:\/\/nandi.info\/index.php?rest_route=\/wp\/v2\/posts\/10124\/revisions"}],"wp:attachment":[{"href":"https:\/\/nandi.info\/index.php?rest_route=%2Fwp%2Fv2%2Fmedia&parent=10124"}],"wp:term":[{"taxonomy":"category","embeddable":true,"href":"https:\/\/nandi.info\/index.php?rest_route=%2Fwp%2Fv2%2Fcategories&post=10124"},{"taxonomy":"post_tag","embeddable":true,"href":"https:\/\/nandi.info\/index.php?rest_route=%2Fwp%2Fv2%2Ftags&post=10124"}],"curies":[{"name":"wp","href":"https:\/\/api.w.org\/{rel}","templated":true}]}}